{"id":1144,"date":"2026-02-26T02:49:33","date_gmt":"2026-02-26T07:49:33","guid":{"rendered":"https:\/\/iissomanagement.com\/blog\/?p=1144"},"modified":"2026-02-26T02:49:35","modified_gmt":"2026-02-26T07:49:35","slug":"cultura-preventiva","status":"publish","type":"post","link":"https:\/\/iissomanagement.com\/blog\/capacitaciones-y-brigadas\/cultura-preventiva\/","title":{"rendered":"7 Poderosas Estrategias Clave Para Transformar la Cultura Preventiva en Log\u00edstica y Proteger tu Operaci\u00f3n \ud83d\ude9b\ud83d\udce6"},"content":{"rendered":"\n<p class=\"wp-block-paragraph\">La cultura preventiva en log\u00edstica no es solo un requisito normativo. Es el factor que determina si una operaci\u00f3n contin\u00faa de manera estable o se detiene por un incidente inesperado.<\/p>\n\n\n\n<p class=\"wp-block-paragraph\">En centros de distribuci\u00f3n y operaciones de transporte, el movimiento constante es parte del d\u00eda a d\u00eda. Montacargas, camiones, cargas pesadas, rutas ajustadas y presi\u00f3n por tiempos de entrega crean un entorno din\u00e1mico donde los riesgos pueden multiplicarse si no existe una estructura preventiva s\u00f3lida.<\/p>\n\n\n\n<p class=\"wp-block-paragraph\">La pregunta clave no es si existen riesgos. La pregunta es: \u00bfqu\u00e9 tan integrada est\u00e1 la prevenci\u00f3n en cada proceso operativo?<\/p>\n\n\n\n<h2 class=\"wp-block-heading\">\u00bfPor qu\u00e9 la cultura preventiva en log\u00edstica es cr\u00edtica para la continuidad del negocio?<\/h2>\n\n\n\n<p class=\"wp-block-paragraph\">Porque en log\u00edstica cada segundo cuenta. Y cada error tambi\u00e9n.<\/p>\n\n\n\n<p class=\"wp-block-paragraph\">Un accidente laboral no solo afecta a la persona involucrada. Impacta:<\/p>\n\n\n\n<ul class=\"wp-block-list\">\n<li>La operaci\u00f3n.<\/li>\n\n\n\n<li>Los tiempos de entrega.<\/li>\n\n\n\n<li>La reputaci\u00f3n.<\/li>\n\n\n\n<li>Los costos.<\/li>\n\n\n\n<li>El clima laboral.<\/li>\n<\/ul>\n\n\n\n<p class=\"wp-block-paragraph\">En Panam\u00e1, entidades como el <a href=\"https:\/\/www.mitradel.gob.pa\/\" target=\"_blank\" data-type=\"link\" data-id=\"https:\/\/www.mitradel.gob.pa\/\" rel=\"noreferrer noopener\">Ministerio de Trabajo y Desarrollo Laboral (MITRADEL)<\/a> y el <a href=\"https:\/\/www.mitradel.gob.pa\/\" target=\"_blank\" rel=\"noreferrer noopener\">Ministerio de Salud (MINSA)<\/a> establecen lineamientos claros en materia de seguridad y salud ocupacional. Sin embargo, cumplir con la normativa no garantiza autom\u00e1ticamente una verdadera cultura preventiva en log\u00edstica.<\/p>\n\n\n\n<p class=\"wp-block-paragraph\">La diferencia est\u00e1 en c\u00f3mo se vive la seguridad dentro de la operaci\u00f3n.<\/p>\n\n\n\n<h2 class=\"wp-block-heading\">\u00bfCu\u00e1les son los riesgos m\u00e1s comunes en centros de distribuci\u00f3n y transporte?<\/h2>\n\n\n\n<h3 class=\"wp-block-heading\">1\ufe0f\u20e3 \u00bfQu\u00e9 riesgos operativos se repiten con mayor frecuencia?<\/h3>\n\n\n\n<ul class=\"wp-block-list\">\n<li>Colisiones internas con montacargas.<\/li>\n\n\n\n<li>Ca\u00eddas por superficies resbaladizas.<\/li>\n\n\n\n<li>Golpes durante carga y descarga.<\/li>\n\n\n\n<li>Lesiones musculoesquel\u00e9ticas por manipulaci\u00f3n manual.<\/li>\n\n\n\n<li>Fatiga en conductores de transporte.<\/li>\n<\/ul>\n\n\n\n<p class=\"wp-block-paragraph\">Muchos de estos incidentes no ocurren por desconocimiento, sino por normalizaci\u00f3n del riesgo.<\/p>\n\n\n\n<h3 class=\"wp-block-heading\">2\ufe0f\u20e3 \u00bfPor qu\u00e9 la cultura preventiva en log\u00edstica suele debilitarse?<\/h3>\n\n\n\n<p class=\"wp-block-paragraph\">Porque la operaci\u00f3n absorbe toda la atenci\u00f3n.<\/p>\n\n\n\n<p class=\"wp-block-paragraph\">Cuando el enfoque principal es cumplir tiempos de entrega, aumentar productividad o reducir costos, la prevenci\u00f3n puede percibirse como un obst\u00e1culo en lugar de un habilitador estrat\u00e9gico.<\/p>\n\n\n\n<p class=\"wp-block-paragraph\">Ah\u00ed es donde se pierde el equilibrio.<\/p>\n\n\n\n<h3 class=\"wp-block-heading\">3\ufe0f\u20e3 \u00bfLa normativa es suficiente para garantizar seguridad?<\/h3>\n\n\n\n<p class=\"wp-block-paragraph\">No.<\/p>\n\n\n\n<p class=\"wp-block-paragraph\">La normativa es el marco m\u00ednimo. La cultura preventiva en log\u00edstica va m\u00e1s all\u00e1 del cumplimiento documental.<\/p>\n\n\n\n<p class=\"wp-block-paragraph\">Incluye:<\/p>\n\n\n\n<ul class=\"wp-block-list\">\n<li>Liderazgo visible.<\/li>\n\n\n\n<li>Comunicaci\u00f3n constante.<\/li>\n\n\n\n<li>Supervisi\u00f3n activa.<\/li>\n\n\n\n<li>Participaci\u00f3n del equipo.<\/li>\n\n\n\n<li>Indicadores preventivos, no solo reactivos.<\/li>\n<\/ul>\n\n\n\n<h2 class=\"wp-block-heading\">\u00bfC\u00f3mo transformar realmente la cultura preventiva en log\u00edstica?<\/h2>\n\n\n\n<p class=\"wp-block-paragraph\">A continuaci\u00f3n, 7 estrategias fundamentales:<\/p>\n\n\n\n<h3 class=\"wp-block-heading\">\u2705 1. Integrar la prevenci\u00f3n en los indicadores operativos<\/h3>\n\n\n\n<p class=\"wp-block-paragraph\">No basta con medir entregas y tiempos.<br>Tambi\u00e9n deben medirse:<\/p>\n\n\n\n<ul class=\"wp-block-list\">\n<li>Reportes de condiciones inseguras.<\/li>\n\n\n\n<li>Incidentes evitados.<\/li>\n\n\n\n<li>Participaci\u00f3n en capacitaciones.<\/li>\n\n\n\n<li>Observaciones preventivas.<\/li>\n<\/ul>\n\n\n\n<p class=\"wp-block-paragraph\">Lo que se mide, se gestiona.<\/p>\n\n\n\n<h3 class=\"wp-block-heading\">\u2705 2. Capacitaci\u00f3n continua y contextualizada<\/h3>\n\n\n\n<p class=\"wp-block-paragraph\">Las capacitaciones gen\u00e9ricas pierden impacto.<\/p>\n\n\n\n<p class=\"wp-block-paragraph\">La cultura preventiva en log\u00edstica mejora cuando la formaci\u00f3n:<\/p>\n\n\n\n<ul class=\"wp-block-list\">\n<li>Est\u00e1 adaptada al tipo de operaci\u00f3n.<\/li>\n\n\n\n<li>Usa ejemplos reales del entorno.<\/li>\n\n\n\n<li>Involucra simulaciones pr\u00e1cticas.<\/li>\n<\/ul>\n\n\n\n<h3 class=\"wp-block-heading\">\u2705 3. Supervisi\u00f3n preventiva, no sancionadora<\/h3>\n\n\n\n<p class=\"wp-block-paragraph\">El supervisor no debe ser percibido como fiscalizador, sino como gu\u00eda.<\/p>\n\n\n\n<p class=\"wp-block-paragraph\">Cuando el liderazgo promueve di\u00e1logo y mejora continua, la prevenci\u00f3n se fortalece.<\/p>\n\n\n\n<h3 class=\"wp-block-heading\">\u2705 4. Se\u00f1alizaci\u00f3n clara y visible<\/h3>\n\n\n\n<p class=\"wp-block-paragraph\">En centros de distribuci\u00f3n, la se\u00f1alizaci\u00f3n salva segundos que pueden evitar accidentes.<\/p>\n\n\n\n<p class=\"wp-block-paragraph\">Rutas internas, zonas de carga, \u00e1reas peatonales y l\u00edmites de velocidad deben estar claramente identificados.<\/p>\n\n\n\n<h3 class=\"wp-block-heading\">\u2705 5. Participaci\u00f3n activa del equipo<\/h3>\n\n\n\n<p class=\"wp-block-paragraph\">Una cultura preventiva en log\u00edstica s\u00f3lida se construye cuando el equipo:<\/p>\n\n\n\n<ul class=\"wp-block-list\">\n<li>Reporta riesgos sin temor.<\/li>\n\n\n\n<li>Propone mejoras.<\/li>\n\n\n\n<li>Participa en comit\u00e9s internos.<\/li>\n<\/ul>\n\n\n\n<h3 class=\"wp-block-heading\">\u2705 6. Evaluaci\u00f3n peri\u00f3dica de riesgos<\/h3>\n\n\n\n<p class=\"wp-block-paragraph\">El entorno log\u00edstico cambia constantemente.<\/p>\n\n\n\n<p class=\"wp-block-paragraph\">Nuevos equipos, nuevos procesos o mayor volumen operativo pueden generar riesgos no identificados inicialmente.<\/p>\n\n\n\n<p class=\"wp-block-paragraph\">Evaluar peri\u00f3dicamente evita que la prevenci\u00f3n se quede obsoleta.<\/p>\n\n\n\n<h3 class=\"wp-block-heading\">\u2705 7. Vincular prevenci\u00f3n con continuidad operativa<\/h3>\n\n\n\n<p class=\"wp-block-paragraph\">Cuando la seguridad se comunica como estrategia de continuidad y sostenibilidad, deja de percibirse como obligaci\u00f3n y se convierte en ventaja competitiva.<\/p>\n\n\n\n<h2 class=\"wp-block-heading\">\ud83d\udcca \u00bfQu\u00e9 impacto tiene una cultura preventiva en log\u00edstica bien estructurada?<\/h2>\n\n\n\n<p class=\"wp-block-paragraph\">Una cultura preventiva en log\u00edstica bien implementada puede generar:<\/p>\n\n\n\n<ul class=\"wp-block-list\">\n<li>Reducci\u00f3n significativa de accidentes.<\/li>\n\n\n\n<li>Disminuci\u00f3n de ausentismo.<\/li>\n\n\n\n<li>Mayor compromiso del equipo.<\/li>\n\n\n\n<li>Mejora en auditor\u00edas internas y externas.<\/li>\n\n\n\n<li>Fortalecimiento reputacional.<\/li>\n<\/ul>\n\n\n\n<p class=\"wp-block-paragraph\">Adem\u00e1s, contribuye a cumplir lineamientos regulatorios establecidos por entidades como MITRADEL y MINSA, reduciendo exposici\u00f3n a sanciones o interrupciones operativas.<\/p>\n\n\n\n<h2 class=\"wp-block-heading\">\ud83d\udd10 \u00bfC\u00f3mo saber si tu operaci\u00f3n realmente tiene una cultura preventiva en log\u00edstica?<\/h2>\n\n\n\n<p class=\"wp-block-paragraph\">Preguntas clave:<\/p>\n\n\n\n<ul class=\"wp-block-list\">\n<li>\u00bfLa seguridad se discute solo despu\u00e9s de un incidente?<\/li>\n\n\n\n<li>\u00bfEl equipo reporta riesgos libremente?<\/li>\n\n\n\n<li>\u00bfLos indicadores preventivos est\u00e1n en los tableros operativos?<\/li>\n\n\n\n<li>\u00bfLa direcci\u00f3n participa activamente en iniciativas de seguridad?<\/li>\n<\/ul>\n\n\n\n<p class=\"wp-block-paragraph\">Si alguna de estas respuestas genera dudas, existe una oportunidad clara de fortalecimiento.<\/p>\n\n\n\n<h2 class=\"wp-block-heading\">\ud83e\udded Alineaci\u00f3n Estrat\u00e9gica y Consolidaci\u00f3n Operativa<\/h2>\n\n\n\n<h3 class=\"wp-block-heading\">\u00bfC\u00f3mo vincular la cultura preventiva en log\u00edstica con auditor\u00edas y cumplimiento normativo?<\/h3>\n\n\n\n<p class=\"wp-block-paragraph\">La cultura preventiva en log\u00edstica no debe limitarse a una mejora interna. Tambi\u00e9n debe estar alineada con los marcos regulatorios nacionales y est\u00e1ndares internacionales.<\/p>\n\n\n\n<p class=\"wp-block-paragraph\">En Panam\u00e1, entidades como:<\/p>\n\n\n\n<ul class=\"wp-block-list\">\n<li>Ministerio de Trabajo y Desarrollo Laboral (MITRADEL)<\/li>\n\n\n\n<li>Ministerio de Salud (MINSA)<\/li>\n<\/ul>\n\n\n\n<p class=\"wp-block-paragraph\">establecen lineamientos claros en materia de seguridad y salud ocupacional.<\/p>\n\n\n\n<p class=\"wp-block-paragraph\">Sin embargo, una auditor\u00eda exitosa no depende \u00fanicamente de tener documentaci\u00f3n actualizada. Depende de demostrar que la cultura preventiva en log\u00edstica est\u00e1 integrada en la operaci\u00f3n diaria.<\/p>\n\n\n\n<h3 class=\"wp-block-heading\">\u00bfQu\u00e9 eval\u00faan realmente las auditor\u00edas?<\/h3>\n\n\n\n<ul class=\"wp-block-list\">\n<li>Evidencia de capacitaci\u00f3n continua.<\/li>\n\n\n\n<li>Registros de inspecciones internas.<\/li>\n\n\n\n<li>Participaci\u00f3n del personal.<\/li>\n\n\n\n<li>Evaluaci\u00f3n de riesgos actualizada.<\/li>\n\n\n\n<li>Indicadores de mejora.<\/li>\n<\/ul>\n\n\n\n<p class=\"wp-block-paragraph\">Cuando la prevenci\u00f3n es parte del ADN operativo, las auditor\u00edas dejan de ser una amenaza y se convierten en validaci\u00f3n del sistema.<\/p>\n\n\n\n<h2 class=\"wp-block-heading\">\ud83d\udcc8 \u00bfC\u00f3mo estructurar un plan estrat\u00e9gico para fortalecer la cultura preventiva en log\u00edstica?<\/h2>\n\n\n\n<p class=\"wp-block-paragraph\">Un enfoque efectivo puede dividirse en 4 fases:<\/p>\n\n\n\n<h3 class=\"wp-block-heading\">\ud83d\udd39 Fase 1: Diagn\u00f3stico<\/h3>\n\n\n\n<p class=\"wp-block-paragraph\">Antes de implementar mejoras, es necesario identificar:<\/p>\n\n\n\n<ul class=\"wp-block-list\">\n<li>Brechas en procesos.<\/li>\n\n\n\n<li>Percepci\u00f3n del equipo sobre la seguridad.<\/li>\n\n\n\n<li>Nivel de liderazgo preventivo.<\/li>\n\n\n\n<li>Historial de incidentes recurrentes.<\/li>\n<\/ul>\n\n\n\n<p class=\"wp-block-paragraph\">Sin diagn\u00f3stico, cualquier acci\u00f3n ser\u00e1 superficial.<\/p>\n\n\n\n<h3 class=\"wp-block-heading\">\ud83d\udd39 Fase 2: Planificaci\u00f3n<\/h3>\n\n\n\n<p class=\"wp-block-paragraph\">En esta etapa se define:<\/p>\n\n\n\n<ul class=\"wp-block-list\">\n<li>Objetivos claros.<\/li>\n\n\n\n<li>Indicadores preventivos.<\/li>\n\n\n\n<li>Responsables.<\/li>\n\n\n\n<li>Cronograma de implementaci\u00f3n.<\/li>\n<\/ul>\n\n\n\n<p class=\"wp-block-paragraph\">La cultura preventiva en log\u00edstica requiere planificaci\u00f3n estructurada, no acciones aisladas.<\/p>\n\n\n\n<h3 class=\"wp-block-heading\">\ud83d\udd39 Fase 3: Implementaci\u00f3n<\/h3>\n\n\n\n<p class=\"wp-block-paragraph\">Aqu\u00ed se ejecutan:<\/p>\n\n\n\n<ul class=\"wp-block-list\">\n<li>Capacitaciones pr\u00e1cticas.<\/li>\n\n\n\n<li>Actualizaci\u00f3n de se\u00f1alizaci\u00f3n.<\/li>\n\n\n\n<li>Protocolos ajustados.<\/li>\n\n\n\n<li>Campa\u00f1as internas de sensibilizaci\u00f3n.<\/li>\n<\/ul>\n\n\n\n<p class=\"wp-block-paragraph\">Es clave que la comunicaci\u00f3n sea constante y coherente.<\/p>\n\n\n\n<h3 class=\"wp-block-heading\">\ud83d\udd39 Fase 4: Seguimiento y mejora continua<\/h3>\n\n\n\n<p class=\"wp-block-paragraph\">La cultura preventiva en log\u00edstica no es est\u00e1tica.<\/p>\n\n\n\n<p class=\"wp-block-paragraph\">Debe incluir:<\/p>\n\n\n\n<ul class=\"wp-block-list\">\n<li>Evaluaciones peri\u00f3dicas.<\/li>\n\n\n\n<li>Revisi\u00f3n de indicadores.<\/li>\n\n\n\n<li>Retroalimentaci\u00f3n del equipo.<\/li>\n\n\n\n<li>Ajustes operativos cuando sea necesario.<\/li>\n<\/ul>\n\n\n\n<h2 class=\"wp-block-heading\">\ud83d\udd04 \u00bfC\u00f3mo convertir la seguridad en ventaja competitiva?<\/h2>\n\n\n\n<p class=\"wp-block-paragraph\">Muchas empresas ven la seguridad como un costo.<br>Las organizaciones estrat\u00e9gicas la ven como inversi\u00f3n.<\/p>\n\n\n\n<p class=\"wp-block-paragraph\">Una cultura preventiva en log\u00edstica bien consolidada:<\/p>\n\n\n\n<ul class=\"wp-block-list\">\n<li>Reduce p\u00e9rdidas operativas.<\/li>\n\n\n\n<li>Minimiza reclamaciones y sanciones.<\/li>\n\n\n\n<li>Mejora la percepci\u00f3n de clientes.<\/li>\n\n\n\n<li>Aumenta la confianza en contratos de alto valor.<\/li>\n\n\n\n<li>Refuerza la sostenibilidad empresarial.<\/li>\n<\/ul>\n\n\n\n<p class=\"wp-block-paragraph\">En sectores donde la eficiencia es clave, la prevenci\u00f3n puede marcar la diferencia entre continuidad y crisis.<\/p>\n\n\n\n<h2 class=\"wp-block-heading\">\ud83c\udf31 Seguridad y sostenibilidad operativa<\/h2>\n\n\n\n<p class=\"wp-block-paragraph\">La sostenibilidad no solo es ambiental. Tambi\u00e9n es operativa y humana.<\/p>\n\n\n\n<p class=\"wp-block-paragraph\">Una cultura preventiva en log\u00edstica protege:<\/p>\n\n\n\n<ul class=\"wp-block-list\">\n<li>A las personas.<\/li>\n\n\n\n<li>A la infraestructura.<\/li>\n\n\n\n<li>A la reputaci\u00f3n.<\/li>\n\n\n\n<li>A la estabilidad financiera.<\/li>\n<\/ul>\n\n\n\n<p class=\"wp-block-paragraph\">Cuando la prevenci\u00f3n se integra como valor compartido, la organizaci\u00f3n fortalece su resiliencia.<\/p>\n\n\n\n<h2 class=\"wp-block-heading\">\u00bfQu\u00e9 pasos puedes comenzar a implementar hoy?<\/h2>\n\n\n\n<ol class=\"wp-block-list\">\n<li>Revisar tus indicadores actuales de seguridad.<\/li>\n\n\n\n<li>Evaluar la percepci\u00f3n preventiva del equipo.<\/li>\n\n\n\n<li>Fortalecer el liderazgo visible en seguridad.<\/li>\n\n\n\n<li>Programar una evaluaci\u00f3n estructurada de riesgos.<\/li>\n<\/ol>\n\n\n\n<p class=\"wp-block-paragraph\">Peque\u00f1os ajustes estrat\u00e9gicos pueden generar impactos significativos en la operaci\u00f3n.<\/p>\n\n\n\n<h2 class=\"wp-block-heading\">\ud83e\udde9 Reflexi\u00f3n Final<\/h2>\n\n\n\n<p class=\"wp-block-paragraph\">La cultura preventiva en log\u00edstica no es un complemento operativo. Es un pilar estrat\u00e9gico.<\/p>\n\n\n\n<p class=\"wp-block-paragraph\">Cuando la prevenci\u00f3n forma parte del lenguaje diario de la organizaci\u00f3n, los resultados se reflejan en estabilidad, confianza y crecimiento sostenible.<\/p>\n\n\n\n<p class=\"wp-block-paragraph\">La verdadera transformaci\u00f3n no ocurre cuando se reacciona ante un incidente, sino cuando se anticipa y se gestiona el riesgo de forma estructurada.<\/p>\n\n\n\n<h2 class=\"wp-block-heading\">\ud83d\udce9 \u00bfDeseas fortalecer la cultura preventiva en log\u00edstica en tu organizaci\u00f3n?<\/h2>\n\n\n\n<p class=\"wp-block-paragraph\">En <a href=\"https:\/\/iissomanagement.com\/blog\/\" target=\"_blank\" data-type=\"page\" data-id=\"17\" rel=\"noreferrer noopener\">IISSO MANAGEMENT<\/a> acompa\u00f1amos a empresas del sector log\u00edstico, transporte y centros de distribuci\u00f3n en la estructuraci\u00f3n de sistemas preventivos s\u00f3lidos, alineados con normativa y sostenibilidad operativa.<\/p>\n\n\n\n<p class=\"wp-block-paragraph\">\ud83d\udce7 <a>info@iissomanagement.com<\/a><br>\ud83d\udcde 6626-1809<\/p>\n\n\n\n<p class=\"wp-block-paragraph\">#IISSOMANAGEMENT <em>Tu aliado para una gesti\u00f3n efectiva y sostenible.<\/em><\/p>\n","protected":false},"excerpt":{"rendered":"<p>Fortalece la cultura preventiva en log\u00edstica y reduce riesgos operativos con estrategias pr\u00e1cticas para transporte y centros de distribuci\u00f3n.<\/p>\n","protected":false},"author":2,"featured_media":1145,"comment_status":"closed","ping_status":"closed","sticky":false,"template":"","format":"standard","meta":{"footnotes":""},"categories":[10,177,115,217],"tags":[237,235,239,238,82,29,236,28,27],"class_list":["post-1144","post","type-post","status-publish","format-standard","has-post-thumbnail","hentry","category-capacitaciones-y-brigadas","category-gestion-de-emergencias","category-gestion-empresarial","category-gestion-empresarial-y-valores","tag-centros-de-distribucion","tag-cultura-preventiva-en-logistica","tag-cumplimiento-normativo-panama","tag-gestion-logistica-segura","tag-mitradel","tag-prevencion-de-riesgos-laborales","tag-seguridad-en-transporte","tag-seguridad-industrial","tag-seguridad-ocupacional"],"_links":{"self":[{"href":"https:\/\/iissomanagement.com\/blog\/wp-json\/wp\/v2\/posts\/1144","targetHints":{"allow":["GET"]}}],"collection":[{"href":"https:\/\/iissomanagement.com\/blog\/wp-json\/wp\/v2\/posts"}],"about":[{"href":"https:\/\/iissomanagement.com\/blog\/wp-json\/wp\/v2\/types\/post"}],"author":[{"embeddable":true,"href":"https:\/\/iissomanagement.com\/blog\/wp-json\/wp\/v2\/users\/2"}],"replies":[{"embeddable":true,"href":"https:\/\/iissomanagement.com\/blog\/wp-json\/wp\/v2\/comments?post=1144"}],"version-history":[{"count":2,"href":"https:\/\/iissomanagement.com\/blog\/wp-json\/wp\/v2\/posts\/1144\/revisions"}],"predecessor-version":[{"id":1147,"href":"https:\/\/iissomanagement.com\/blog\/wp-json\/wp\/v2\/posts\/1144\/revisions\/1147"}],"wp:featuredmedia":[{"embeddable":true,"href":"https:\/\/iissomanagement.com\/blog\/wp-json\/wp\/v2\/media\/1145"}],"wp:attachment":[{"href":"https:\/\/iissomanagement.com\/blog\/wp-json\/wp\/v2\/media?parent=1144"}],"wp:term":[{"taxonomy":"category","embeddable":true,"href":"https:\/\/iissomanagement.com\/blog\/wp-json\/wp\/v2\/categories?post=1144"},{"taxonomy":"post_tag","embeddable":true,"href":"https:\/\/iissomanagement.com\/blog\/wp-json\/wp\/v2\/tags?post=1144"}],"curies":[{"name":"wp","href":"https:\/\/api.w.org\/{rel}","templated":true}]}}