{"id":1149,"date":"2026-03-06T00:26:07","date_gmt":"2026-03-06T05:26:07","guid":{"rendered":"https:\/\/iissomanagement.com\/blog\/?p=1149"},"modified":"2026-03-06T00:26:10","modified_gmt":"2026-03-06T05:26:10","slug":"cultura-preventiva-organizacional","status":"publish","type":"post","link":"https:\/\/iissomanagement.com\/blog\/uncategorized\/cultura-preventiva-organizacional\/","title":{"rendered":"\ud83d\ude80 7 Poderosas Estrategias Clave, Inteligentes y Transformadoras para Fortalecer la Cultura Preventiva Organizacional y Reducir Riesgos Reales"},"content":{"rendered":"\n<p class=\"wp-block-paragraph\">La cultura preventiva organizacional no es un concepto abstracto ni un requisito documental. Es el sistema de valores, decisiones y comportamientos que determina c\u00f3mo una empresa gestiona los riesgos antes de que se conviertan en incidentes.<\/p>\n\n\n\n<p class=\"wp-block-paragraph\">En sectores como comercios, educaci\u00f3n, salud y hoteler\u00eda, donde la interacci\u00f3n humana es constante y la operaci\u00f3n es din\u00e1mica, los riesgos laborales pueden impactar no solo al colaborador, sino tambi\u00e9n la experiencia del cliente y la reputaci\u00f3n institucional.<\/p>\n\n\n\n<p class=\"wp-block-paragraph\">La mayor\u00eda de los incidentes no ocurren por azar. Ocurren por falta de estructura preventiva, liderazgo visible y alineaci\u00f3n interna.<\/p>\n\n\n\n<p class=\"wp-block-paragraph\">Fortalecer la cultura preventiva organizacional permite:<\/p>\n\n\n\n<ul class=\"wp-block-list\">\n<li>Reducir eventos repetitivos.<\/li>\n\n\n\n<li>Proteger al talento humano.<\/li>\n\n\n\n<li>Cumplir con la normativa vigente.<\/li>\n\n\n\n<li>Sostener la confianza del p\u00fablico.<\/li>\n\n\n\n<li>Consolidar estabilidad operativa.<\/li>\n<\/ul>\n\n\n\n<h2 class=\"wp-block-heading\">\u00bfPor qu\u00e9 la cultura preventiva organizacional es m\u00e1s importante que nunca?<\/h2>\n\n\n\n<p class=\"wp-block-paragraph\">En sectores de servicio, los riesgos muchas veces se normalizan:<\/p>\n\n\n\n<ul class=\"wp-block-list\">\n<li>\u201cSiempre lo hemos hecho as\u00ed.\u201d<\/li>\n\n\n\n<li>\u201cNunca ha pasado nada.\u201d<\/li>\n\n\n\n<li>\u201cEso no es tan grave.\u201d<\/li>\n<\/ul>\n\n\n\n<p class=\"wp-block-paragraph\">Esta mentalidad genera vulnerabilidad silenciosa.<\/p>\n\n\n\n<p class=\"wp-block-paragraph\">La cultura preventiva organizacional rompe ese ciclo al integrar la prevenci\u00f3n como parte del d\u00eda a d\u00eda y no como una reacci\u00f3n ante auditor\u00edas o inspecciones.<\/p>\n\n\n\n<p class=\"wp-block-paragraph\">En Panam\u00e1, entidades como el Ministerio de Trabajo y Desarrollo Laboral (MITRADEL) y el Ministerio de Salud (MINSA) establecen lineamientos claros en materia de seguridad y salud ocupacional. Sin embargo, el cumplimiento normativo por s\u00ed solo no garantiza seguridad real si no existe una cultura preventiva organizacional s\u00f3lida.<\/p>\n\n\n\n<h2 class=\"wp-block-heading\">\ud83d\udd0e \u00bfQu\u00e9 es realmente la cultura preventiva organizacional?<\/h2>\n\n\n\n<p class=\"wp-block-paragraph\">Es el conjunto de pr\u00e1cticas, valores y comportamientos que priorizan la prevenci\u00f3n antes que la correcci\u00f3n.<\/p>\n\n\n\n<p class=\"wp-block-paragraph\">No se limita a:<\/p>\n\n\n\n<ul class=\"wp-block-list\">\n<li>Manuales archivados.<\/li>\n\n\n\n<li>Se\u00f1alizaci\u00f3n aislada.<\/li>\n\n\n\n<li>Capacitaciones ocasionales.<\/li>\n<\/ul>\n\n\n\n<p class=\"wp-block-paragraph\">Implica coherencia entre:<\/p>\n\n\n\n<ul class=\"wp-block-list\">\n<li>Liderazgo.<\/li>\n\n\n\n<li>Comunicaci\u00f3n interna.<\/li>\n\n\n\n<li>Procesos operativos.<\/li>\n\n\n\n<li>Evaluaci\u00f3n de riesgos.<\/li>\n\n\n\n<li>Participaci\u00f3n del equipo.<\/li>\n<\/ul>\n\n\n\n<p class=\"wp-block-paragraph\">Cuando la cultura preventiva organizacional est\u00e1 integrada, cada colaborador entiende su rol dentro del sistema de seguridad.<\/p>\n\n\n\n<h2 class=\"wp-block-heading\">\u00bfC\u00f3mo impacta la cultura preventiva organizacional en sectores de servicio?<\/h2>\n\n\n\n<h3 class=\"wp-block-heading\">\ud83c\udfec Comercios<\/h3>\n\n\n\n<p class=\"wp-block-paragraph\">En tiendas y cadenas comerciales:<\/p>\n\n\n\n<ul class=\"wp-block-list\">\n<li>Riesgos de ca\u00eddas.<\/li>\n\n\n\n<li>Manipulaci\u00f3n de cargas.<\/li>\n\n\n\n<li>Incidentes con clientes.<\/li>\n\n\n\n<li>Riesgos el\u00e9ctricos.<\/li>\n<\/ul>\n\n\n\n<p class=\"wp-block-paragraph\">Una cultura preventiva organizacional permite anticipar y controlar estos escenarios antes de que generen consecuencias legales o reputacionales.<\/p>\n\n\n\n<h3 class=\"wp-block-heading\">\ud83c\udf93 Educaci\u00f3n<\/h3>\n\n\n\n<p class=\"wp-block-paragraph\">En centros educativos:<\/p>\n\n\n\n<ul class=\"wp-block-list\">\n<li>Evacuaciones mal coordinadas.<\/li>\n\n\n\n<li>Riesgos estructurales.<\/li>\n\n\n\n<li>Manejo de emergencias.<\/li>\n<\/ul>\n\n\n\n<p class=\"wp-block-paragraph\">Cuando la cultura preventiva organizacional es parte del entorno acad\u00e9mico, la seguridad se convierte en valor institucional y ejemplo formativo.<\/p>\n\n\n\n<h3 class=\"wp-block-heading\">\ud83c\udfe5 Salud<\/h3>\n\n\n\n<p class=\"wp-block-paragraph\">En cl\u00ednicas y laboratorios:<\/p>\n\n\n\n<ul class=\"wp-block-list\">\n<li>Riesgos biol\u00f3gicos.<\/li>\n\n\n\n<li>Manejo de residuos.<\/li>\n\n\n\n<li>Exposici\u00f3n ocupacional.<\/li>\n<\/ul>\n\n\n\n<p class=\"wp-block-paragraph\">La cultura preventiva organizacional reduce la probabilidad de incidentes cr\u00edticos que pueden afectar tanto al personal como a pacientes.<\/p>\n\n\n\n<h3 class=\"wp-block-heading\">\ud83c\udfe8 Hoteler\u00eda<\/h3>\n\n\n\n<p class=\"wp-block-paragraph\">En hoteles y operadores tur\u00edsticos:<\/p>\n\n\n\n<ul class=\"wp-block-list\">\n<li>Accidentes en \u00e1reas comunes.<\/li>\n\n\n\n<li>Riesgos en cocina.<\/li>\n\n\n\n<li>Incidentes con hu\u00e9spedes.<\/li>\n<\/ul>\n\n\n\n<p class=\"wp-block-paragraph\">Una cultura preventiva organizacional bien implementada protege la experiencia del cliente y fortalece la reputaci\u00f3n del establecimiento.<\/p>\n\n\n\n<h2 class=\"wp-block-heading\">\ud83d\udcca \u00bfCu\u00e1les son las se\u00f1ales de que falta cultura preventiva organizacional?<\/h2>\n\n\n\n<ol class=\"wp-block-list\">\n<li>Incidentes repetitivos con causas similares.<\/li>\n\n\n\n<li>Baja participaci\u00f3n en capacitaciones.<\/li>\n\n\n\n<li>Protocolos que no se aplican en la pr\u00e1ctica.<\/li>\n\n\n\n<li>Supervisi\u00f3n reactiva en lugar de preventiva.<\/li>\n\n\n\n<li>Falta de indicadores de seguimiento.<\/li>\n<\/ol>\n\n\n\n<p class=\"wp-block-paragraph\">Cuando estos s\u00edntomas aparecen, la organizaci\u00f3n necesita fortalecer su cultura preventiva organizacional de forma estructurada.<\/p>\n\n\n\n<h2 class=\"wp-block-heading\">\ud83d\udca1 7 Estrategias Clave para Fortalecer la Cultura Preventiva Organizacional<\/h2>\n\n\n\n<h2 class=\"wp-block-heading\">1\ufe0f\u20e3 Liderazgo visible y coherente<\/h2>\n\n\n\n<p class=\"wp-block-paragraph\">La cultura preventiva organizacional comienza en la direcci\u00f3n.<\/p>\n\n\n\n<p class=\"wp-block-paragraph\">Cuando el liderazgo:<\/p>\n\n\n\n<ul class=\"wp-block-list\">\n<li>Participa en inspecciones.<\/li>\n\n\n\n<li>Promueve capacitaciones.<\/li>\n\n\n\n<li>Refuerza mensajes preventivos.<\/li>\n<\/ul>\n\n\n\n<p class=\"wp-block-paragraph\">El equipo percibe que la seguridad es prioridad real.<\/p>\n\n\n\n<h2 class=\"wp-block-heading\">2\ufe0f\u20e3 Comunicaci\u00f3n clara y constante<\/h2>\n\n\n\n<p class=\"wp-block-paragraph\">La prevenci\u00f3n no puede comunicarse solo cuando ocurre un incidente.<\/p>\n\n\n\n<p class=\"wp-block-paragraph\">La cultura preventiva organizacional requiere:<\/p>\n\n\n\n<ul class=\"wp-block-list\">\n<li>Recordatorios peri\u00f3dicos.<\/li>\n\n\n\n<li>Se\u00f1alizaci\u00f3n estrat\u00e9gica.<\/li>\n\n\n\n<li>Campa\u00f1as internas.<\/li>\n\n\n\n<li>Espacios de retroalimentaci\u00f3n.<\/li>\n<\/ul>\n\n\n\n<h2 class=\"wp-block-heading\">3\ufe0f\u20e3 Capacitaci\u00f3n pr\u00e1ctica y aplicada<\/h2>\n\n\n\n<p class=\"wp-block-paragraph\">Las capacitaciones deben ser:<\/p>\n\n\n\n<ul class=\"wp-block-list\">\n<li>Relevantes.<\/li>\n\n\n\n<li>Contextualizadas al sector.<\/li>\n\n\n\n<li>Basadas en riesgos reales.<\/li>\n<\/ul>\n\n\n\n<p class=\"wp-block-paragraph\">La cultura preventiva organizacional se fortalece cuando el conocimiento se traduce en acci\u00f3n.<\/p>\n\n\n\n<h2 class=\"wp-block-heading\">4\ufe0f\u20e3 Evaluaci\u00f3n continua de riesgos<\/h2>\n\n\n\n<p class=\"wp-block-paragraph\">Los riesgos cambian con:<\/p>\n\n\n\n<ul class=\"wp-block-list\">\n<li>Nuevos procesos.<\/li>\n\n\n\n<li>Cambios estructurales.<\/li>\n\n\n\n<li>Crecimiento operativo.<\/li>\n<\/ul>\n\n\n\n<p class=\"wp-block-paragraph\">Una cultura preventiva organizacional exige actualizaci\u00f3n constante de la matriz de riesgos.<\/p>\n\n\n\n<h2 class=\"wp-block-heading\">5\ufe0f\u20e3 Indicadores preventivos y no solo correctivos<\/h2>\n\n\n\n<p class=\"wp-block-paragraph\">No basta con medir incidentes ocurridos.<\/p>\n\n\n\n<p class=\"wp-block-paragraph\">La cultura preventiva organizacional madura incluye:<\/p>\n\n\n\n<ul class=\"wp-block-list\">\n<li>Indicadores de inspecciones.<\/li>\n\n\n\n<li>Cumplimiento de capacitaciones.<\/li>\n\n\n\n<li>Reportes preventivos voluntarios.<\/li>\n\n\n\n<li>Observaciones de conducta segura.<\/li>\n<\/ul>\n\n\n\n<h2 class=\"wp-block-heading\">6\ufe0f\u20e3 Participaci\u00f3n activa del equipo<\/h2>\n\n\n\n<p class=\"wp-block-paragraph\">La cultura preventiva organizacional no se impone, se construye colectivamente.<\/p>\n\n\n\n<p class=\"wp-block-paragraph\">Cuando los colaboradores:<\/p>\n\n\n\n<ul class=\"wp-block-list\">\n<li>Reportan condiciones inseguras sin temor.<\/li>\n\n\n\n<li>Proponen mejoras operativas.<\/li>\n\n\n\n<li>Participan en comit\u00e9s de seguridad.<\/li>\n\n\n\n<li>Se involucran en simulacros.<\/li>\n<\/ul>\n\n\n\n<p class=\"wp-block-paragraph\">La prevenci\u00f3n deja de ser obligaci\u00f3n y se convierte en compromiso.<\/p>\n\n\n\n<p class=\"wp-block-paragraph\">En sectores de servicio, donde la operaci\u00f3n es din\u00e1mica y el contacto humano constante, la participaci\u00f3n activa fortalece la detecci\u00f3n temprana de riesgos.<\/p>\n\n\n\n<p class=\"wp-block-paragraph\">Una cultura preventiva organizacional madura crea entornos donde la seguridad es conversaci\u00f3n habitual y no tema ocasional.<\/p>\n\n\n\n<h2 class=\"wp-block-heading\">7\ufe0f\u20e3 Mejora continua estructurada<\/h2>\n\n\n\n<p class=\"wp-block-paragraph\">La cultura preventiva organizacional no es est\u00e1tica. Evoluciona con la organizaci\u00f3n.<\/p>\n\n\n\n<p class=\"wp-block-paragraph\">Debe incluir:<\/p>\n\n\n\n<ul class=\"wp-block-list\">\n<li>Auditor\u00edas internas peri\u00f3dicas.<\/li>\n\n\n\n<li>Evaluaciones de desempe\u00f1o preventivo.<\/li>\n\n\n\n<li>Actualizaci\u00f3n de protocolos.<\/li>\n\n\n\n<li>Retroalimentaci\u00f3n posterior a simulacros.<\/li>\n<\/ul>\n\n\n\n<p class=\"wp-block-paragraph\">La mejora continua evita que la prevenci\u00f3n se vuelva rutinaria o superficial.<\/p>\n\n\n\n<h2 class=\"wp-block-heading\">\ud83c\udfdb Integraci\u00f3n con el cumplimiento normativo en Panam\u00e1<\/h2>\n\n\n\n<p class=\"wp-block-paragraph\">La cultura preventiva organizacional debe alinearse con los marcos regulatorios vigentes.<\/p>\n\n\n\n<p class=\"wp-block-paragraph\">En Panam\u00e1, entidades como:<\/p>\n\n\n\n<ul class=\"wp-block-list\">\n<li><strong><a href=\"https:\/\/www.mitradel.gob.pa\/\" target=\"_blank\" rel=\"noreferrer noopener\">Ministerio de Trabajo y Desarrollo Laboral<\/a> (MITRADEL)<\/strong><\/li>\n\n\n\n<li><strong><a href=\"https:\/\/www.minsa.gob.pa\/\" target=\"_blank\" rel=\"noreferrer noopener\">Ministerio de Salud <\/a>(MINSA)<\/strong><\/li>\n<\/ul>\n\n\n\n<p class=\"wp-block-paragraph\">establecen lineamientos obligatorios en materia de seguridad y salud ocupacional.<\/p>\n\n\n\n<p class=\"wp-block-paragraph\">Sin embargo, el cumplimiento formal no garantiza por s\u00ed solo la reducci\u00f3n de riesgos.<\/p>\n\n\n\n<p class=\"wp-block-paragraph\">Una cultura preventiva organizacional s\u00f3lida facilita:<\/p>\n\n\n\n<ul class=\"wp-block-list\">\n<li>Cumplimiento sin improvisaci\u00f3n.<\/li>\n\n\n\n<li>Preparaci\u00f3n ante inspecciones.<\/li>\n\n\n\n<li>Evidencia documental coherente.<\/li>\n\n\n\n<li>Reducci\u00f3n de sanciones.<\/li>\n<\/ul>\n\n\n\n<p class=\"wp-block-paragraph\">Cuando la prevenci\u00f3n es parte del sistema, las auditor\u00edas se convierten en validaci\u00f3n y no en amenaza.<\/p>\n\n\n\n<h2 class=\"wp-block-heading\">\u00bfPor qu\u00e9 la cultura preventiva organizacional fortalece la fidelizaci\u00f3n?<\/h2>\n\n\n\n<p class=\"wp-block-paragraph\">Para clientes recurrentes, la cultura preventiva organizacional representa:<\/p>\n\n\n\n<ul class=\"wp-block-list\">\n<li>Continuidad operativa.<\/li>\n\n\n\n<li>Confianza sostenida.<\/li>\n\n\n\n<li>Reducci\u00f3n de riesgos reputacionales.<\/li>\n\n\n\n<li>Estabilidad institucional.<\/li>\n<\/ul>\n\n\n\n<p class=\"wp-block-paragraph\">En sectores de servicio, un solo incidente puede afectar a\u00f1os de construcci\u00f3n de marca.<\/p>\n\n\n\n<p class=\"wp-block-paragraph\">Una cultura bien integrada protege no solo al equipo interno, sino tambi\u00e9n la experiencia del usuario final.<\/p>\n\n\n\n<h2 class=\"wp-block-heading\">\ud83c\udf31 Cultura preventiva organizacional y sostenibilidad empresarial<\/h2>\n\n\n\n<p class=\"wp-block-paragraph\">La sostenibilidad no se limita al \u00e1mbito ambiental.<\/p>\n\n\n\n<p class=\"wp-block-paragraph\">Tambi\u00e9n implica:<\/p>\n\n\n\n<ul class=\"wp-block-list\">\n<li>Protecci\u00f3n del capital humano.<\/li>\n\n\n\n<li>Reducci\u00f3n de p\u00e9rdidas econ\u00f3micas.<\/li>\n\n\n\n<li>Fortalecimiento de la reputaci\u00f3n.<\/li>\n\n\n\n<li>Cumplimiento normativo continuo.<\/li>\n<\/ul>\n\n\n\n<p class=\"wp-block-paragraph\">Una cultura preventiva organizacional contribuye directamente a la estabilidad financiera y al crecimiento estrat\u00e9gico.<\/p>\n\n\n\n<p class=\"wp-block-paragraph\">Las organizaciones que priorizan la prevenci\u00f3n operan con mayor previsibilidad y menor exposici\u00f3n a crisis inesperadas.<\/p>\n\n\n\n<h2 class=\"wp-block-heading\">\ud83d\udd04 \u00bfC\u00f3mo comenzar a fortalecer la cultura preventiva organizacional hoy?<\/h2>\n\n\n\n<ol class=\"wp-block-list\">\n<li>Evaluar la percepci\u00f3n interna sobre seguridad.<\/li>\n\n\n\n<li>Identificar brechas en liderazgo preventivo.<\/li>\n\n\n\n<li>Revisar matrices de riesgos actualizadas.<\/li>\n\n\n\n<li>Establecer indicadores preventivos claros.<\/li>\n\n\n\n<li>Integrar capacitaciones pr\u00e1cticas peri\u00f3dicas.<\/li>\n<\/ol>\n\n\n\n<p class=\"wp-block-paragraph\">Peque\u00f1as acciones estrat\u00e9gicas pueden generar transformaciones profundas cuando se sostienen en el tiempo.<\/p>\n\n\n\n<p class=\"wp-block-paragraph\">Esta cultura no es un gasto operativo. Es una inversi\u00f3n estrat\u00e9gica.<\/p>\n\n\n\n<p class=\"wp-block-paragraph\">Cuando la prevenci\u00f3n se integra como valor organizacional:<\/p>\n\n\n\n<ul class=\"wp-block-list\">\n<li>Se reducen riesgos.<\/li>\n\n\n\n<li>Se fortalecen equipos.<\/li>\n\n\n\n<li>Se protege la reputaci\u00f3n.<\/li>\n\n\n\n<li>Se mejora la experiencia del cliente.<\/li>\n\n\n\n<li>Se consolida la sostenibilidad empresarial.<\/li>\n<\/ul>\n\n\n\n<p class=\"wp-block-paragraph\">Si tu organizaci\u00f3n pertenece a sectores como comercio, educaci\u00f3n, salud u hoteler\u00eda, fortalecer la cultura preventiva organizacional puede marcar la diferencia entre operar con incertidumbre o con estabilidad.<\/p>\n\n\n\n<h2 class=\"wp-block-heading\">\ud83d\udce9 \u00bfDeseas fortalecer la cultura preventiva organizacional en tu organizaci\u00f3n?<\/h2>\n\n\n\n<p class=\"wp-block-paragraph\">En <a href=\"https:\/\/iissomanagement.com\/servicios.php\" target=\"_blank\" rel=\"noreferrer noopener\">IISSO MANAGEMENT<\/a> acompa\u00f1amos a empresas en el desarrollo estructurado de sistemas preventivos alineados con cumplimiento normativo y sostenibilidad empresarial.<\/p>\n\n\n\n<p class=\"wp-block-paragraph\">Cont\u00e1ctanos <\/p>\n\n\n\n<p class=\"wp-block-paragraph\">\ud83d\udce7 <a>info@iissomanagement.com<\/a><br>\ud83d\udcde 6626-1809<\/p>\n\n\n\n<p class=\"wp-block-paragraph\">IISSOMANAGEMENT <em>Tu alado para una gesti\u00f3n efectiva y sostenible.<\/em><\/p>\n","protected":false},"excerpt":{"rendered":"<p>Fortalece la cultura preventiva organizacional y reduce riesgos en sectores de servicio con estrategias pr\u00e1cticas y sostenibles.<\/p>\n","protected":false},"author":2,"featured_media":1150,"comment_status":"closed","ping_status":"closed","sticky":false,"template":"","format":"standard","meta":{"footnotes":""},"categories":[1,6,26],"tags":[240,239,122,29,27],"class_list":["post-1149","post","type-post","status-publish","format-standard","has-post-thumbnail","hentry","category-uncategorized","category-seguridad-ocupacional","category-seguridad-y-salud-ocupacional","tag-cultura-preventiva-organizacional","tag-cumplimiento-normativo-panama","tag-gestion-empresarial","tag-prevencion-de-riesgos-laborales","tag-seguridad-ocupacional"],"_links":{"self":[{"href":"https:\/\/iissomanagement.com\/blog\/wp-json\/wp\/v2\/posts\/1149","targetHints":{"allow":["GET"]}}],"collection":[{"href":"https:\/\/iissomanagement.com\/blog\/wp-json\/wp\/v2\/posts"}],"about":[{"href":"https:\/\/iissomanagement.com\/blog\/wp-json\/wp\/v2\/types\/post"}],"author":[{"embeddable":true,"href":"https:\/\/iissomanagement.com\/blog\/wp-json\/wp\/v2\/users\/2"}],"replies":[{"embeddable":true,"href":"https:\/\/iissomanagement.com\/blog\/wp-json\/wp\/v2\/comments?post=1149"}],"version-history":[{"count":2,"href":"https:\/\/iissomanagement.com\/blog\/wp-json\/wp\/v2\/posts\/1149\/revisions"}],"predecessor-version":[{"id":1152,"href":"https:\/\/iissomanagement.com\/blog\/wp-json\/wp\/v2\/posts\/1149\/revisions\/1152"}],"wp:featuredmedia":[{"embeddable":true,"href":"https:\/\/iissomanagement.com\/blog\/wp-json\/wp\/v2\/media\/1150"}],"wp:attachment":[{"href":"https:\/\/iissomanagement.com\/blog\/wp-json\/wp\/v2\/media?parent=1149"}],"wp:term":[{"taxonomy":"category","embeddable":true,"href":"https:\/\/iissomanagement.com\/blog\/wp-json\/wp\/v2\/categories?post=1149"},{"taxonomy":"post_tag","embeddable":true,"href":"https:\/\/iissomanagement.com\/blog\/wp-json\/wp\/v2\/tags?post=1149"}],"curies":[{"name":"wp","href":"https:\/\/api.w.org\/{rel}","templated":true}]}}