{"id":1187,"date":"2026-04-28T07:00:00","date_gmt":"2026-04-28T12:00:00","guid":{"rendered":"https:\/\/iissomanagement.com\/blog\/?p=1187"},"modified":"2026-04-04T19:12:19","modified_gmt":"2026-04-05T00:12:19","slug":"dia-mundial-de-la-seguridad","status":"publish","type":"post","link":"https:\/\/iissomanagement.com\/blog\/seguridad-ocupacional\/dia-mundial-de-la-seguridad\/","title":{"rendered":"28 de Abril d\u00eda mundial de la seguridad: Un Mensaje de Gratitud a Quienes Protegen Vidas Cada D\u00eda"},"content":{"rendered":"\n<p class=\"wp-block-paragraph\"><strong>d\u00eda mundial de la seguridad:<\/strong> Hoy, 28 de abril, celebramos el <strong>d\u00eda mundial de la seguridad<\/strong> con un prop\u00f3sito que va m\u00e1s all\u00e1 de los protocolos: reconocer a las personas que, d\u00eda a d\u00eda, eligen proteger a otros antes que a s\u00ed mismas. \ud83d\udc99 En sectores como construcci\u00f3n, producci\u00f3n, log\u00edstica, salud, educaci\u00f3n, hoteler\u00eda y comercios, hay equipos enteros cuya misi\u00f3n silenciosa es garantizar que cada colaborador regrese a casa sano y salvo. Este art\u00edculo no es t\u00e9cnico. No es una gu\u00eda de cumplimiento. Es un mensaje humano para quienes hacen de la prevenci\u00f3n su forma de trabajar.<\/p>\n\n\n\n<h2 class=\"wp-block-heading\">\ud83d\udd0d Por qu\u00e9 el d\u00eda mundial de la seguridad es m\u00e1s que una fecha en el calendario<\/h2>\n\n\n\n<p class=\"wp-block-paragraph\">Cada a\u00f1o, la Organizaci\u00f3n Internacional del Trabajo propone un tema para el <strong>d\u00eda mundial de la seguridad<\/strong>. Pero m\u00e1s all\u00e1 de campa\u00f1as globales, esta fecha tiene un significado profundo para las empresas paname\u00f1as que operan en entornos de alto impacto humano.<\/p>\n\n\n\n<p class=\"wp-block-paragraph\">En una obra de construcci\u00f3n, el supervisor que verifica que cada trabajador tenga su arn\u00e9s antes de subir a un andamio. En una planta de producci\u00f3n, la coordinadora de SST que organiza las pausas activas para prevenir lesiones. En un centro log\u00edstico, el encargado que asegura que los montacargas operen con protocolos claros. En un hospital, el profesional que garantiza que el personal maneje residuos biol\u00f3gicos con protecci\u00f3n adecuada.<\/p>\n\n\n\n<p class=\"wp-block-paragraph\">Estas personas no solo cumplen con MITRADEL o la Caja de Seguro Social. Construyen cultura. Previenen accidentes. Y, sobre todo, demuestran que el <strong>d\u00eda mundial de la seguridad<\/strong> se vive todos los d\u00edas, en peque\u00f1as acciones que marcan la diferencia entre una operaci\u00f3n resiliente y una paralizaci\u00f3n costosa.<\/p>\n\n\n\n<p class=\"wp-block-paragraph\">\ud83d\udca1 <strong>Reflexi\u00f3n:<\/strong> Seg\u00fan reportes del sector en Panam\u00e1, una proporci\u00f3n significativa de los incidentes laborales podr\u00edan prevenirse con pr\u00e1cticas de gesti\u00f3n preventiva m\u00e1s consistentes. Detr\u00e1s de cada estad\u00edstica, hay una persona que decidi\u00f3 actuar.<\/p>\n\n\n\n<h2 class=\"wp-block-heading\">\ud83c\udfaf El reconocimiento como motor de la cultura preventiva: lo que aprendemos de quienes protegen a tu equipo<\/h2>\n\n\n\n<h3 class=\"wp-block-heading\">1\ufe0f\u20e3 Construcci\u00f3n: seguridad que se construye persona a persona<\/h3>\n\n\n\n<p class=\"wp-block-paragraph\">En el sector construcci\u00f3n, el <strong>d\u00eda mundial de la seguridad<\/strong> cobra vida en cada casco bien ajustado, en cada charla de cinco minutos antes de iniciar la jornada, en cada se\u00f1alizaci\u00f3n que gu\u00eda a un trabajador lejos de un riesgo.<\/p>\n\n\n\n<p class=\"wp-block-paragraph\">Los profesionales de seguridad y salud en obras no solo gestionan permisos ante MITRADEL. Son los primeros en notar cuando un colaborador est\u00e1 fatigado, cuando una herramienta necesita mantenimiento o cuando un procedimiento puede mejorarse. Su trabajo no se mide solo en informes: se mide en vidas protegidas.<\/p>\n\n\n\n<p class=\"wp-block-paragraph\">\ud83d\udccc <strong>Tip para aplicar hoy:<\/strong> Si en tu empresa hay alguien encargado de seguridad ocupacional, t\u00f3mate un momento hoy para agradecerle. Un mensaje genuino de reconocimiento fortalece m\u00e1s que cualquier bono econ\u00f3mico.<\/p>\n\n\n\n<h3 class=\"wp-block-heading\">2\ufe0f\u20e3 Plantas de Producci\u00f3n: bienestar que impulsa la productividad<\/h3>\n\n\n\n<p class=\"wp-block-paragraph\">En entornos industriales, el <strong>d\u00eda mundial de la seguridad<\/strong> se refleja en ergonom\u00eda bien aplicada, en hidrataci\u00f3n accesible, en pausas que permiten recuperar energ\u00eda sin detener la operaci\u00f3n.<\/p>\n\n\n\n<p class=\"wp-block-paragraph\">Los equipos de salud ocupacional en plantas de producci\u00f3n saben que un colaborador saludable es m\u00e1s productivo, comete menos errores y permanece m\u00e1s tiempo en la empresa. Su gesti\u00f3n no es un gasto: es una inversi\u00f3n en resiliencia operativa.<\/p>\n\n\n\n<p class=\"wp-block-paragraph\">\u2705 <strong>Dato para valorar:<\/strong> Empresas que implementan programas proactivos de bienestar en producci\u00f3n reportan mejoras en indicadores de prevenci\u00f3n y en la percepci\u00f3n de sus equipos sobre el compromiso organizacional con el bienestar.<\/p>\n\n\n\n<h3 class=\"wp-block-heading\">3\ufe0f\u20e3 Log\u00edstica y Transporte: cuidado en movimiento<\/h3>\n\n\n\n<p class=\"wp-block-paragraph\">En log\u00edstica, el <strong>d\u00eda mundial de la seguridad<\/strong> tiene un significado especial: no puedes ofrecer un servicio confiable si tu equipo no se siente protegido en cada ruta, en cada carga, en cada descarga.<\/p>\n\n\n\n<p class=\"wp-block-paragraph\">Los responsables de seguridad en centros log\u00edsticos y flotas de transporte gestionan desde la capacitaci\u00f3n en manejo defensivo hasta la prevenci\u00f3n de fatiga en conductores. Su trabajo asegura que la eficiencia que recibe el cliente nazca de un entorno interno seguro y saludable.<\/p>\n\n\n\n<p class=\"wp-block-paragraph\">\ud83d\udd0d <strong>Pregunta para reflexionar:<\/strong> \u00bfCu\u00e1ndo fue la \u00faltima vez que reconociste p\u00fablicamente el esfuerzo de quien vela por la seguridad de tu equipo en log\u00edstica?<\/p>\n\n\n\n<h3 class=\"wp-block-heading\">4\ufe0f\u20e3 Salud, Educaci\u00f3n, Hoteler\u00eda y Comercios: cuidado en la primera l\u00ednea de atenci\u00f3n<\/h3>\n\n\n\n<p class=\"wp-block-paragraph\">En estos sectores, el <strong>d\u00eda mundial de la seguridad<\/strong> se vive en la capacitaci\u00f3n para manejar situaciones de estr\u00e9s, en la se\u00f1alizaci\u00f3n que previene ca\u00eddas, en la gesti\u00f3n de turnos que evita la fatiga extrema.<\/p>\n\n\n\n<p class=\"wp-block-paragraph\">Los gerentes y coordinadores que priorizan el bienestar de su personal no solo cumplen con la normativa: construyen lealtad, reducen rotaci\u00f3n y fortalecen la experiencia del cliente. Porque un equipo que se siente cuidado, cuida mejor a quien atiende.<\/p>\n\n\n\n<p class=\"wp-block-paragraph\">\ud83d\udee1\ufe0f <strong>Ventaja humana:<\/strong> Las empresas que reconocen y apoyan a sus equipos de seguridad interna no solo retienen talento; tambi\u00e9n proyectan una imagen aut\u00e9ntica de responsabilidad social.<\/p>\n\n\n\n<h2 class=\"wp-block-heading\">\u2705 Checklist integrado: 10 formas de reconocer a quienes cuidan de tu equipo<\/h2>\n\n\n\n<p class=\"wp-block-paragraph\">Para facilitar la conexi\u00f3n humana en tu organizaci\u00f3n, hemos dise\u00f1ado esta lista de reconocimiento pr\u00e1ctico. \u00dasala como gu\u00eda para valorar a quienes hacen de la prevenci\u00f3n su misi\u00f3n diaria:<\/p>\n\n\n\n<h3 class=\"wp-block-heading\">\ud83d\ude4f RECONOCIMIENTO EMOCIONAL (4 acciones)<\/h3>\n\n\n\n<ul class=\"wp-block-list\">\n<li>Agradecer personalmente al responsable de seguridad o salud ocupacional por su labor preventiva<\/li>\n\n\n\n<li>Compartir p\u00fablicamente (en reuniones o redes internas) un logro del equipo de bienestar<\/li>\n\n\n\n<li>Preguntar genuinamente: \u00ab\u00bfQu\u00e9 necesitas para cuidar mejor a tu equipo?\u00bb<\/li>\n\n\n\n<li>Celebrar peque\u00f1as victorias: cero accidentes en el mes, mejora en indicadores de seguridad, etc.<\/li>\n<\/ul>\n\n\n\n<h3 class=\"wp-block-heading\">\ud83c\udf81 RECONOCIMIENTO OPERATIVO (3 acciones)<\/h3>\n\n\n\n<ul class=\"wp-block-list\">\n<li>Asignar recursos para capacitaciones de actualizaci\u00f3n en seguridad ocupacional<\/li>\n\n\n\n<li>Facilitar herramientas o tecnolog\u00eda que simplifiquen su gesti\u00f3n preventiva<\/li>\n\n\n\n<li>Incluir al responsable de seguridad en decisiones operativas que afecten al equipo<\/li>\n<\/ul>\n\n\n\n<h3 class=\"wp-block-heading\">\ud83c\udf31 RECONOCIMIENTO ESTRAT\u00c9GICO (3 acciones)<\/h3>\n\n\n\n<ul class=\"wp-block-list\">\n<li>Integrar el bienestar del equipo como indicador de desempe\u00f1o en reportes gerenciales<\/li>\n\n\n\n<li>Vincular el cuidado interno con la propuesta de valor de tu marca ante clientes<\/li>\n\n\n\n<li>Documentar y compartir historias de impacto humano para fortalecer cultura organizacional<\/li>\n<\/ul>\n\n\n\n<p class=\"wp-block-paragraph\">\ud83d\udcca <strong>C\u00f3mo usar esta checklist de reconocimiento:<\/strong> Marca cada \u00edtem que ya aplicas, identifica oportunidades de mejora y establece un plan sencillo para implementar al menos una nueva acci\u00f3n esta semana. El reconocimiento no requiere grandes presupuestos: requiere intenci\u00f3n genuina.<\/p>\n\n\n\n<h2 class=\"wp-block-heading\">\ud83c\udf10 Instituciones que respaldan la seguridad en Panam\u00e1<\/h2>\n\n\n\n<p class=\"wp-block-paragraph\">El <strong>d\u00eda mundial de la seguridad<\/strong> tambi\u00e9n es una oportunidad para recordar las instituciones que acompa\u00f1an tu gesti\u00f3n de prevenci\u00f3n:<\/p>\n\n\n\n<figure class=\"wp-block-table\"><table class=\"has-fixed-layout\"><thead><tr><th class=\"has-text-align-left\" data-align=\"left\">Instituci\u00f3n<\/th><th class=\"has-text-align-left\" data-align=\"left\">Rol en seguridad ocupacional<\/th><th class=\"has-text-align-left\" data-align=\"left\">Enlace \u00fatil<\/th><\/tr><\/thead><tbody><tr><td class=\"has-text-align-left\" data-align=\"left\"><strong>MITRADEL<\/strong><\/td><td class=\"has-text-align-left\" data-align=\"left\">Supervisa cumplimiento de seguridad y salud en el trabajo, investiga accidentes laborales<\/td><td class=\"has-text-align-left\" data-align=\"left\"><a href=\"https:\/\/www.mitradel.gob.pa\/\" target=\"_blank\" rel=\"noreferrer noopener\">www.mitradel.gob.pa<\/a><\/td><\/tr><tr><td class=\"has-text-align-left\" data-align=\"left\"><strong>Caja de Seguro Social<\/strong><\/td><td class=\"has-text-align-left\" data-align=\"left\">Gestiona riesgos profesionales, evaluaciones m\u00e9dicas y licencias por enfermedad ocupacional<\/td><td class=\"has-text-align-left\" data-align=\"left\"><a href=\"https:\/\/www.css.gob.pa\/\" target=\"_blank\" rel=\"noreferrer noopener\">www.css.gob.pa<\/a><\/td><\/tr><tr><td class=\"has-text-align-left\" data-align=\"left\"><strong>MIAMBIENTE<\/strong><\/td><td class=\"has-text-align-left\" data-align=\"left\">Supervisa condiciones ambientales que impactan la seguridad operativa<\/td><td class=\"has-text-align-left\" data-align=\"left\"><a href=\"https:\/\/www.miambiente.gob.pa\/\" target=\"_blank\" rel=\"noreferrer noopener\">www.miambiente.gob.pa<\/a><\/td><\/tr><tr><td class=\"has-text-align-left\" data-align=\"left\"><strong>MINSA<\/strong><\/td><td class=\"has-text-align-left\" data-align=\"left\">Regula aspectos sanitarios en establecimientos de salud, alimentos y condiciones higi\u00e9nicas<\/td><td class=\"has-text-align-left\" data-align=\"left\"><a href=\"https:\/\/www.minsa.gob.pa\/\" target=\"_blank\" rel=\"noreferrer noopener\">www.minsa.gob.pa<\/a><\/td><\/tr><\/tbody><\/table><\/figure>\n\n\n\n<p class=\"wp-block-paragraph\">\ud83d\udd0d <strong>Estrategia proactiva:<\/strong> Suscr\u00edbete a los boletines de estas instituciones no solo para cumplir, sino para entender c\u00f3mo el marco normativo protege a las personas que hacen posible tu operaci\u00f3n.<\/p>\n\n\n\n<h2 class=\"wp-block-heading\">\ud83d\udcc8 El ROI humano: por qu\u00e9 reconocer el cuidado fortalece tu empresa<\/h2>\n\n\n\n<p class=\"wp-block-paragraph\">Invertir en reconocimiento no es un gasto emocional: es una estrategia de sostenibilidad organizacional. Los beneficios tangibles de valorar a quienes cuidan de tu equipo incluyen:<\/p>\n\n\n\n<ul class=\"wp-block-list\">\n<li><strong>Retenci\u00f3n de talento:<\/strong> Los profesionales de seguridad permanecen m\u00e1s tiempo en empresas que reconocen su impacto humano<\/li>\n\n\n\n<li><strong>Cultura preventiva:<\/strong> El reconocimiento refuerza comportamientos de cuidado, creando un ciclo virtuoso de prevenci\u00f3n<\/li>\n\n\n\n<li><strong>Reputaci\u00f3n aut\u00e9ntica:<\/strong> Ser conocido como empresa que valora a su gente atrae clientes, inversionistas y colaboradores alineados con tus valores<\/li>\n\n\n\n<li><strong>Resiliencia operativa:<\/strong> Equipos que se sienten cuidados responden mejor ante crisis, adapt\u00e1ndose con mayor agilidad<\/li>\n<\/ul>\n\n\n\n<p class=\"wp-block-paragraph\">\ud83c\udfaf <strong>Reflexi\u00f3n basada en experiencia del sector:<\/strong> Empresas que han trabajado en fortalecer su cultura de seguridad con acompa\u00f1amiento t\u00e9cnico especializado reportan mejoras en indicadores de prevenci\u00f3n y en la percepci\u00f3n de sus equipos sobre el compromiso organizacional con el bienestar. La clave est\u00e1 en la consistencia, no en la intensidad puntual.<\/p>\n\n\n\n<h2 class=\"wp-block-heading\">\u2753 Preguntas frecuentes sobre el d\u00eda mundial de la seguridad en tu empresa<\/h2>\n\n\n\n<p class=\"wp-block-paragraph\"><strong>\u00bfC\u00f3mo puedo celebrar el d\u00eda mundial de la seguridad sin caer en lo comercial?<\/strong> <\/p>\n\n\n\n<p class=\"wp-block-paragraph\">Enf\u00f3cate en el reconocimiento genuino: un mensaje personalizado, un espacio para escuchar necesidades, o simplemente preguntar \u00ab\u00bfc\u00f3mo est\u00e1s?\u00bb con intenci\u00f3n real. El <strong>d\u00eda mundial de la seguridad<\/strong> es sobre personas, no promociones.<\/p>\n\n\n\n<p class=\"wp-block-paragraph\"><strong>\u00bfQu\u00e9 hago si mi empresa no tiene un responsable formal de seguridad ocupacional?<\/strong> <\/p>\n\n\n\n<p class=\"wp-block-paragraph\">Reconoce a quien, de manera informal, asume ese rol: el supervisor que verifica EPP, la coordinadora que organiza pausas activas, el gerente que prioriza el bienestar. El cuidado no requiere un t\u00edtulo: requiere acci\u00f3n.<\/p>\n\n\n\n<p class=\"wp-block-paragraph\"><strong>\u00bfC\u00f3mo conecto el d\u00eda mundial de la seguridad con mi operaci\u00f3n diaria?<\/strong> <\/p>\n\n\n\n<p class=\"wp-block-paragraph\">Integra peque\u00f1as acciones de reconocimiento en tu rutina: agradece en reuniones, comparte logros de seguridad en comunicaciones internas, incluye indicadores de prevenci\u00f3n en reportes operativos. El <strong>d\u00eda mundial de la seguridad<\/strong> se vive en la consistencia, no en el evento.<\/p>\n\n\n\n<p class=\"wp-block-paragraph\"><strong>\u00bfEsta reflexi\u00f3n aplica para mi sector espec\u00edfico?<\/strong> <\/p>\n\n\n\n<p class=\"wp-block-paragraph\">S\u00ed. El cuidado humano es universal; la forma de expresarlo se adapta a construcci\u00f3n, producci\u00f3n, log\u00edstica, salud, educaci\u00f3n, hoteler\u00eda, comercios y cualquier entorno donde personas trabajan para proteger a otras personas.<\/p>\n\n\n\n<h2 class=\"wp-block-heading\">\ud83d\ude80 Tu pr\u00f3ximo paso: del reconocimiento a la acci\u00f3n cotidiana<\/h2>\n\n\n\n<p class=\"wp-block-paragraph\">La diferencia entre una empresa que \u00abcumple\u00bb con seguridad ocupacional y una que \u00abvive\u00bb la prevenci\u00f3n est\u00e1 en la intenci\u00f3n humana. No esperes al pr\u00f3ximo <strong>d\u00eda mundial de la seguridad<\/strong> para actuar.<\/p>\n\n\n\n<p class=\"wp-block-paragraph\">\u2705 <strong>Hoy mismo:<\/strong> Usa la checklist integrada para reconocer a quien cuida de tu equipo<br>\u2705 <strong>Esta semana:<\/strong> Implementa al menos una nueva acci\u00f3n de valoraci\u00f3n genuina<br>\u2705 <strong>Este mes:<\/strong> Integra el reconocimiento del cuidado como parte de tu cultura organizacional<\/p>\n\n\n\n<p class=\"wp-block-paragraph\">El <strong>d\u00eda mundial de la seguridad<\/strong> no es un destino: es un recordatorio de que cada acci\u00f3n de cuidado cuenta. Y cada gesto de reconocimiento que implementas hoy fortalece el bienestar, la lealtad y la humanidad de tu operaci\u00f3n del ma\u00f1ana.<\/p>\n\n\n\n<h2 class=\"wp-block-heading\">\ud83c\udfaf \u00bfListo para transformar tu cultura de seguridad?<\/h2>\n\n\n\n<p class=\"wp-block-paragraph\">En <a href=\"https:\/\/iissomanagement.com\/blog\/\" target=\"_blank\" data-type=\"page\" data-id=\"17\" rel=\"noreferrer noopener\">IISSO MANAGEMENT<\/a> no solo entregamos documentos. Construimos contigo una cultura de seguridad que protege a tu equipo, evita paralizaciones y fortalece tu operaci\u00f3n.<\/p>\n\n\n\n<p class=\"wp-block-paragraph\">Desde 2017, hemos acompa\u00f1ado a m\u00e1s de 40 empresas paname\u00f1as en la transformaci\u00f3n de su prevenci\u00f3n en una ventaja competitiva real.<\/p>\n\n\n\n<h3 class=\"wp-block-heading\">\ud83d\udd25 Por qu\u00e9 las empresas conf\u00edan en nosotros:<\/h3>\n\n\n\n<figure class=\"wp-block-table\"><table class=\"has-fixed-layout\"><thead><tr><th class=\"has-text-align-left\" data-align=\"left\">Lo que otros ofrecen<\/th><th class=\"has-text-align-left\" data-align=\"left\">Lo que hacemos en IISSO MANAGEMENT<\/th><\/tr><\/thead><tbody><tr><td class=\"has-text-align-left\" data-align=\"left\">\u2705 Documentos para cumplir<\/td><td class=\"has-text-align-left\" data-align=\"left\">\u2705 <strong>Transformaci\u00f3n cultural que previene accidentes<\/strong><\/td><\/tr><tr><td class=\"has-text-align-left\" data-align=\"left\">\u2705 Auditor\u00edas puntuales<\/td><td class=\"has-text-align-left\" data-align=\"left\">\u2705 <strong>Acompa\u00f1amiento continuo integrado a tu operaci\u00f3n<\/strong><\/td><\/tr><tr><td class=\"has-text-align-left\" data-align=\"left\">\u2705 Capacitaciones gen\u00e9ricas<\/td><td class=\"has-text-align-left\" data-align=\"left\">\u2705 <strong>Formaci\u00f3n sectorizada con ejemplos de tu realidad<\/strong><\/td><\/tr><tr><td class=\"has-text-align-left\" data-align=\"left\">\u2705 Reportes para archivar<\/td><td class=\"has-text-align-left\" data-align=\"left\">\u2705 <strong>Indicadores que se vinculan con tus resultados de negocio<\/strong><\/td><\/tr><\/tbody><\/table><\/figure>\n\n\n\n<h3 class=\"wp-block-heading\">\ud83d\udd25 Oferta Especial de Evaluaci\u00f3n Inicial<\/h3>\n\n\n\n<p class=\"wp-block-paragraph\">\ud83d\udcde Agenda una consulta estrat\u00e9gica gratuita con nuestros consultores especializados. En esta sesi\u00f3n:<\/p>\n\n\n\n<p class=\"wp-block-paragraph\">\u2705 Evaluaremos tu situaci\u00f3n actual de seguridad<br>\u2705 Identificaremos <strong>las 3 brechas m\u00e1s cr\u00edticas<\/strong> en tu operaci\u00f3n<br>\u2705 Te presentaremos <strong>un plan de acci\u00f3n personalizado<\/strong><br>\u2705 <strong>Sin compromiso de contrataci\u00f3n<\/strong><\/p>\n\n\n\n<p class=\"wp-block-paragraph\">\u23f0 Cupos limitados para garantizar atenci\u00f3n personalizada.<\/p>\n\n\n\n<p class=\"wp-block-paragraph\"><strong>IISSOMANAGEMENT<\/strong> <em>Tu aliado para una gesti\u00f3n efectiva, segura, productiva y sostenible.<\/em><\/p>\n\n\n\n<p class=\"wp-block-paragraph\">\ud83d\udce7 info@iissomanagement.com  <br>\ud83d\udcde +507 6626-1809<\/p>\n","protected":false},"excerpt":{"rendered":"<p>28 de abril d\u00eda mundial de la seguridad: un mensaje de gratitud a quienes protegen vidas cada d\u00eda. Reconocimiento emocional + pr\u00e1cticas clave para construcci\u00f3n, producci\u00f3n, log\u00edstica y m\u00e1s sectores en Panam\u00e1.<\/p>\n","protected":false},"author":2,"featured_media":1190,"comment_status":"closed","ping_status":"closed","sticky":false,"template":"","format":"standard","meta":{"footnotes":""},"categories":[6],"tags":[62,256,266,274,252,251,146,273,82,267,270,18],"class_list":["post-1187","post","type-post","status-publish","format-standard","has-post-thumbnail","hentry","category-seguridad-ocupacional","tag-caja-de-seguro-social","tag-comercios","tag-construccion","tag-dia-mundial-de-la-seguridad","tag-educacion","tag-hoteleria","tag-iisso-management","tag-logistica","tag-mitradel","tag-produccion","tag-reconocimiento","tag-salud"],"_links":{"self":[{"href":"https:\/\/iissomanagement.com\/blog\/wp-json\/wp\/v2\/posts\/1187","targetHints":{"allow":["GET"]}}],"collection":[{"href":"https:\/\/iissomanagement.com\/blog\/wp-json\/wp\/v2\/posts"}],"about":[{"href":"https:\/\/iissomanagement.com\/blog\/wp-json\/wp\/v2\/types\/post"}],"author":[{"embeddable":true,"href":"https:\/\/iissomanagement.com\/blog\/wp-json\/wp\/v2\/users\/2"}],"replies":[{"embeddable":true,"href":"https:\/\/iissomanagement.com\/blog\/wp-json\/wp\/v2\/comments?post=1187"}],"version-history":[{"count":3,"href":"https:\/\/iissomanagement.com\/blog\/wp-json\/wp\/v2\/posts\/1187\/revisions"}],"predecessor-version":[{"id":1191,"href":"https:\/\/iissomanagement.com\/blog\/wp-json\/wp\/v2\/posts\/1187\/revisions\/1191"}],"wp:featuredmedia":[{"embeddable":true,"href":"https:\/\/iissomanagement.com\/blog\/wp-json\/wp\/v2\/media\/1190"}],"wp:attachment":[{"href":"https:\/\/iissomanagement.com\/blog\/wp-json\/wp\/v2\/media?parent=1187"}],"wp:term":[{"taxonomy":"category","embeddable":true,"href":"https:\/\/iissomanagement.com\/blog\/wp-json\/wp\/v2\/categories?post=1187"},{"taxonomy":"post_tag","embeddable":true,"href":"https:\/\/iissomanagement.com\/blog\/wp-json\/wp\/v2\/tags?post=1187"}],"curies":[{"name":"wp","href":"https:\/\/api.w.org\/{rel}","templated":true}]}}