{"id":989,"date":"2025-10-20T22:41:54","date_gmt":"2025-10-21T03:41:54","guid":{"rendered":"https:\/\/iissomanagement.com\/?p=989"},"modified":"2025-10-21T00:47:08","modified_gmt":"2025-10-21T05:47:08","slug":"prevencion-del-cancer","status":"publish","type":"post","link":"https:\/\/iissomanagement.com\/blog\/capacitaciones-y-brigadas\/prevencion-del-cancer\/","title":{"rendered":"\ud83c\udf80 Prevenci\u00f3n del C\u00e1ncer: 5 Acciones Clave para que tu Empresa se Sume a Octubre Rosa y Salve Vidas"},"content":{"rendered":"\n<p class=\"wp-block-paragraph\">La prevenci\u00f3n del c\u00e1ncer de mama comienza en el entorno laboral. Descubre c\u00f3mo tu empresa puede liderar el cambio durante Octubre Rosa con acciones concretas que generan impacto, confianza y bienestar. Este art\u00edculo te gu\u00eda paso a paso para implementar iniciativas efectivas y sostenibles.<\/p>\n\n\n\n<h2 class=\"wp-block-heading\">\u2753 \u00bfPor qu\u00e9 las empresas deben involucrarse en la prevenci\u00f3n del c\u00e1ncer de mama?<\/h2>\n\n\n\n<p class=\"wp-block-paragraph\">Porque <strong>la salud de tus colaboradores es tambi\u00e9n la salud de tu empresa<\/strong>. El c\u00e1ncer de mama es una de las principales causas de muerte en mujeres en Panam\u00e1 y en el mundo. Sin embargo, cuando se detecta a tiempo, <strong>las probabilidades de recuperaci\u00f3n superan el 90%<\/strong>.<\/p>\n\n\n\n<p class=\"wp-block-paragraph\">Las empresas tienen una oportunidad \u00fanica de influir positivamente en la vida de sus equipos, promoviendo la prevenci\u00f3n desde el lugar donde pasamos la mayor parte del d\u00eda: el trabajo.<\/p>\n\n\n\n<p class=\"wp-block-paragraph\">Adem\u00e1s, involucrarse en campa\u00f1as como Octubre Rosa no solo demuestra responsabilidad social, sino que tambi\u00e9n fortalece la cultura organizacional, mejora el clima laboral y proyecta una imagen de empresa comprometida con el bienestar.<\/p>\n\n\n\n<h2 class=\"wp-block-heading\">\ud83d\udca1 \u00bfQu\u00e9 significa sumarse a Octubre Rosa desde el entorno empresarial?<\/h2>\n\n\n\n<p class=\"wp-block-paragraph\">Octubre Rosa no es solo una campa\u00f1a de colores y lazos. Es un llamado a la acci\u00f3n. Para las empresas, representa:<\/p>\n\n\n\n<ul class=\"wp-block-list\">\n<li>\ud83e\ude7a <strong>Compromiso con el bienestar de sus colaboradores.<\/strong><\/li>\n\n\n\n<li>\ud83c\udf97\ufe0f <strong>Responsabilidad social activa.<\/strong><\/li>\n\n\n\n<li>\ud83d\udcac <strong>Generaci\u00f3n de conciencia y cultura preventiva.<\/strong><\/li>\n\n\n\n<li>\ud83e\udd1d <strong>Fortalecimiento de la confianza interna.<\/strong><\/li>\n<\/ul>\n\n\n\n<p class=\"wp-block-paragraph\">Sumarse a esta causa implica pasar de la intenci\u00f3n a la acci\u00f3n, con iniciativas que realmente impacten la vida de quienes forman parte de la organizaci\u00f3n.<\/p>\n\n\n\n<h2 class=\"wp-block-heading\">\u2705 \u00bfQu\u00e9 acciones puede implementar tu empresa?<\/h2>\n\n\n\n<p class=\"wp-block-paragraph\">Aqu\u00ed te compartimos <strong>5 acciones clave<\/strong> que <a href=\"https:\/\/iissomanagement.com\/empresa\/\" target=\"_blank\" data-type=\"page\" data-id=\"11\" rel=\"noreferrer noopener\">IISSO MANAGEMENT<\/a> recomienda para que tu organizaci\u00f3n se sume de forma efectiva a Octubre Rosa:<\/p>\n\n\n\n<h3 class=\"wp-block-heading\">1\ufe0f\u20e3 <strong>Organiza charlas de sensibilizaci\u00f3n y prevenci\u00f3n<\/strong><\/h3>\n\n\n\n<p class=\"wp-block-paragraph\">Invita a especialistas en salud para hablar sobre:<\/p>\n\n\n\n<ul class=\"wp-block-list\">\n<li>Autoexploraci\u00f3n mamaria.<\/li>\n\n\n\n<li>Factores de riesgo.<\/li>\n\n\n\n<li>Importancia de los controles m\u00e9dicos.<\/li>\n\n\n\n<li>Mitos y verdades sobre el c\u00e1ncer de mama.<\/li>\n<\/ul>\n\n\n\n<p class=\"wp-block-paragraph\">\ud83c\udfa4 <em>Estas charlas pueden realizarse de forma presencial o virtual, y deben estar abiertas a todo el personal, sin distinci\u00f3n de g\u00e9nero.<\/em><\/p>\n\n\n\n<p class=\"wp-block-paragraph\">Adem\u00e1s, puedes complementar con sesiones de preguntas y respuestas, entrega de material educativo y testimonios de personas que han superado la enfermedad.<\/p>\n\n\n\n<h3 class=\"wp-block-heading\">2\ufe0f\u20e3 <strong>Realiza ferias de salud en sitio<\/strong><\/h3>\n\n\n\n<p class=\"wp-block-paragraph\">Las ferias permiten acercar los servicios m\u00e9dicos a tus colaboradores. Puedes incluir:<\/p>\n\n\n\n<ul class=\"wp-block-list\">\n<li>Evaluaciones m\u00e9dicas b\u00e1sicas.<\/li>\n\n\n\n<li>Orientaci\u00f3n sobre salud femenina.<\/li>\n\n\n\n<li>Entrega de materiales informativos.<\/li>\n\n\n\n<li>Actividades interactivas para fomentar la participaci\u00f3n.<\/li>\n<\/ul>\n\n\n\n<p class=\"wp-block-paragraph\">\ud83d\udccd <em><a href=\"https:\/\/iissomanagement.com\/empresa\/\" target=\"_blank\" data-type=\"page\" data-id=\"11\" rel=\"noreferrer noopener\">IISSO MANAGEMENT<\/a> ha acompa\u00f1ado a empresas del sector hotelero y retail en estas ferias, logrando una participaci\u00f3n del 90% del personal.<\/em><\/p>\n\n\n\n<p class=\"wp-block-paragraph\">Estas ferias tambi\u00e9n pueden incluir alianzas con cl\u00ednicas, laboratorios y organizaciones sin fines de lucro que apoyan la causa.<\/p>\n\n\n\n<h3 class=\"wp-block-heading\">3\ufe0f\u20e3 <strong>Promueve el autoexamen mensual<\/strong><\/h3>\n\n\n\n<p class=\"wp-block-paragraph\">Una acci\u00f3n simple, pero poderosa. Puedes:<\/p>\n\n\n\n<ul class=\"wp-block-list\">\n<li>Colocar afiches en ba\u00f1os y \u00e1reas comunes.<\/li>\n\n\n\n<li>Compartir videos educativos por correo o redes internas.<\/li>\n\n\n\n<li>Incluir recordatorios mensuales en el calendario corporativo.<\/li>\n<\/ul>\n\n\n\n<p class=\"wp-block-paragraph\">\ud83e\udde0 <em>El autoexamen es la primera l\u00ednea de defensa. Ense\u00f1ar c\u00f3mo hacerlo correctamente puede salvar vidas.<\/em><\/p>\n\n\n\n<p class=\"wp-block-paragraph\">Tambi\u00e9n puedes entregar tarjetas informativas con instrucciones paso a paso, o incluir el tema en las capacitaciones de salud ocupacional.<\/p>\n\n\n\n<h3 class=\"wp-block-heading\">4\ufe0f\u20e3 <strong>Implementa campa\u00f1as internas de comunicaci\u00f3n<\/strong><\/h3>\n\n\n\n<p class=\"wp-block-paragraph\">Utiliza tus canales corporativos para difundir mensajes de prevenci\u00f3n:<\/p>\n\n\n\n<ul class=\"wp-block-list\">\n<li>Correos semanales con datos y consejos.<\/li>\n\n\n\n<li>Historias reales de colaboradores que han superado la enfermedad.<\/li>\n\n\n\n<li>Infograf\u00edas, videos y testimonios.<\/li>\n<\/ul>\n\n\n\n<p class=\"wp-block-paragraph\">\ud83d\udce3 <em>La comunicaci\u00f3n constante refuerza el mensaje y mantiene el tema presente durante todo el mes.<\/em><\/p>\n\n\n\n<p class=\"wp-block-paragraph\">Puedes usar el branding de Octubre Rosa en tus redes sociales, firma de correos, pantallas internas y boletines.<\/p>\n\n\n\n<h3 class=\"wp-block-heading\">5\ufe0f\u20e3 <strong>Vincula la prevenci\u00f3n con tu cultura organizacional<\/strong><\/h3>\n\n\n\n<p class=\"wp-block-paragraph\">Haz que Octubre Rosa sea parte de tu identidad:<\/p>\n\n\n\n<ul class=\"wp-block-list\">\n<li>Invita al personal a vestir de rosa los viernes.<\/li>\n\n\n\n<li>Decora espacios comunes con mensajes positivos.<\/li>\n\n\n\n<li>Reconoce p\u00fablicamente a quienes lideran iniciativas de salud.<\/li>\n<\/ul>\n\n\n\n<p class=\"wp-block-paragraph\">\ud83d\udc96 <em>Cuando la prevenci\u00f3n se vive como parte de la cultura, el impacto es duradero.<\/em><\/p>\n\n\n\n<p class=\"wp-block-paragraph\">Incluso puedes incluir la prevenci\u00f3n del c\u00e1ncer de mama como parte de tus pol\u00edticas de bienestar laboral y salud ocupacional.<\/p>\n\n\n\n<h2 class=\"wp-block-heading\">\ud83d\udcca \u00bfQu\u00e9 beneficios obtiene tu empresa al sumarse?<\/h2>\n\n\n\n<ul class=\"wp-block-list\">\n<li>\u2705 <strong>Mejora del clima laboral.<\/strong><\/li>\n\n\n\n<li>\u2705 <strong>Fortalecimiento de la reputaci\u00f3n corporativa.<\/strong><\/li>\n\n\n\n<li>\u2705 <strong>Reducci\u00f3n del ausentismo por enfermedades prevenibles.<\/strong><\/li>\n\n\n\n<li>\u2705 <strong>Mayor compromiso del personal.<\/strong><\/li>\n\n\n\n<li>\u2705 <strong>Cumplimiento con pol\u00edticas de salud ocupacional.<\/strong><\/li>\n<\/ul>\n\n\n\n<p class=\"wp-block-paragraph\">Adem\u00e1s, estas acciones pueden ser parte de tus informes de sostenibilidad, responsabilidad social empresarial (RSE) y cultura organizacional.<\/p>\n\n\n\n<h2 class=\"wp-block-heading\">\ud83c\udfc6 Caso de \u00e9xito: Empresas que ya lo est\u00e1n haciendo<\/h2>\n\n\n\n<p class=\"wp-block-paragraph\">En 2024, <a href=\"https:\/\/iissomanagement.com\/empresa\/\" target=\"_blank\" data-type=\"page\" data-id=\"11\" rel=\"noreferrer noopener\">IISSO MANAGEMENT<\/a> acompa\u00f1\u00f3 a varias empresas en la implementaci\u00f3n de campa\u00f1as de Octubre Rosa. Algunos resultados:<\/p>\n\n\n\n<ul class=\"wp-block-list\">\n<li>\ud83c\udfe8 Una cadena hotelera logr\u00f3 que el 85% de sus colaboradoras se realizaran controles m\u00e9dicos.<\/li>\n\n\n\n<li>\ud83d\udecd\ufe0f Una empresa de retail organiz\u00f3 una feria de salud con m\u00e1s de 300 asistentes.<\/li>\n\n\n\n<li>\ud83c\udfe2 Una firma de log\u00edstica integr\u00f3 el autoexamen como parte de su inducci\u00f3n laboral.<\/li>\n<\/ul>\n\n\n\n<p class=\"wp-block-paragraph\">\ud83c\udfaf <em>Estas acciones no solo generaron impacto social, sino que fortalecieron la confianza interna y proyectaron una imagen responsable ante clientes y aliados.<\/em><\/p>\n\n\n\n<h2 class=\"wp-block-heading\">\ud83e\udded \u00bfC\u00f3mo puede ayudarte IISSO MANAGEMENT?<\/h2>\n\n\n\n<p class=\"wp-block-paragraph\">En <a href=\"https:\/\/iissomanagement.com\/servicios-hseq-para-la-industria-en-panama\/\" target=\"_blank\" data-type=\"page\" data-id=\"13\" rel=\"noreferrer noopener\">IISSO MANAGEMENT<\/a> te ofrecemos:<\/p>\n\n\n\n<ul class=\"wp-block-list\">\n<li>\ud83d\udccb Dise\u00f1o de campa\u00f1as de prevenci\u00f3n personalizadas.<\/li>\n\n\n\n<li>\ud83d\udc69\u200d\u2695\ufe0f Coordinaci\u00f3n de charlas y ferias de salud.<\/li>\n\n\n\n<li>\ud83c\udfa8 Material gr\u00e1fico y comunicacional para tus canales internos.<\/li>\n\n\n\n<li>\ud83d\udcca Indicadores de participaci\u00f3n y evaluaci\u00f3n de impacto.<\/li>\n\n\n\n<li>\ud83e\udd1d Acompa\u00f1amiento integral en la implementaci\u00f3n.<\/li>\n<\/ul>\n\n\n\n<p class=\"wp-block-paragraph\"><\/p>\n\n\n\n<p class=\"wp-block-paragraph\">Este Octubre Rosa, <strong>haz que tu empresa sea parte del cambio<\/strong>.<br>No se trata solo de cumplir con la normativa, sino de <strong>cuidar a quienes hacen posible tu operaci\u00f3n<\/strong>.<\/p>\n\n\n\n<p class=\"wp-block-paragraph\">\ud83d\udcac <strong><a href=\"https:\/\/iissomanagement.com\/contactanos\/\" target=\"_blank\" data-type=\"page\" data-id=\"19\" rel=\"noreferrer noopener\">Cont\u00e1ctanos hoy<\/a><\/strong> y dise\u00f1emos juntos una campa\u00f1a de prevenci\u00f3n que inspire, eduque y proteja.<\/p>\n\n\n\n<p class=\"wp-block-paragraph\"><strong>IISSO MANAGEMENT<\/strong> \ud835\ude1b\ud835\ude36 \ud835\ude22\ud835\ude2d\ud835\ude2a\ud835\ude22\ud835\ude25\ud835\ude30 \ud835\udc5d\ud835\ude22\ud835\ude33\ud835\ude22 \ud835\ude36\ud835\ude2f\ud835\ude22 \ud835\ude28\ud835\ude26\ud835\ude34\ud835\ude35\ud835\ude2a\ud835\ude30\u0301\ud835\ude2f \ud835\ude26\ud835\ude27\ud835\ude26\ud835\ude24\ud835\ude35\ud835\ude2a\ud835\ude37\ud835\ude22 \ud835\ude3a \ud835\ude34\ud835\ude30\ud835\ude34\ud835\ude35\ud835\ude26\ud835\ude2f\ud835\ude2a\ud835\ude23\ud835\ude2d\ud835\ude26.<\/p>\n","protected":false},"excerpt":{"rendered":"<p>Descubre c\u00f3mo tu empresa puede liderar la prevenci\u00f3n del c\u00e1ncer de mama en Octubre Rosa con acciones que salvan vidas y fortalecen tu cultura organizacional.<\/p>\n","protected":false},"author":2,"featured_media":993,"comment_status":"closed","ping_status":"closed","sticky":false,"template":"","format":"standard","meta":{"footnotes":""},"categories":[10,57,5,88,9,8,40,14,6,26,52,50],"tags":[],"class_list":["post-989","post","type-post","status-publish","format-standard","has-post-thumbnail","hentry","category-capacitaciones-y-brigadas","category-auditorias-en-seguridad-laboral","category-gestion-integral-hseq","category-inspecciones-con-drones","category-normativas-y-regulaciones","category-outsourcing-rrhh","category-salud-ocupacional","category-seguridad-alimentaria","category-seguridad-ocupacional","category-seguridad-y-salud-ocupacional","category-sostenibilidad","category-tecnologia-e-innovacion-hseq"],"_links":{"self":[{"href":"https:\/\/iissomanagement.com\/blog\/wp-json\/wp\/v2\/posts\/989","targetHints":{"allow":["GET"]}}],"collection":[{"href":"https:\/\/iissomanagement.com\/blog\/wp-json\/wp\/v2\/posts"}],"about":[{"href":"https:\/\/iissomanagement.com\/blog\/wp-json\/wp\/v2\/types\/post"}],"author":[{"embeddable":true,"href":"https:\/\/iissomanagement.com\/blog\/wp-json\/wp\/v2\/users\/2"}],"replies":[{"embeddable":true,"href":"https:\/\/iissomanagement.com\/blog\/wp-json\/wp\/v2\/comments?post=989"}],"version-history":[{"count":5,"href":"https:\/\/iissomanagement.com\/blog\/wp-json\/wp\/v2\/posts\/989\/revisions"}],"predecessor-version":[{"id":1003,"href":"https:\/\/iissomanagement.com\/blog\/wp-json\/wp\/v2\/posts\/989\/revisions\/1003"}],"wp:featuredmedia":[{"embeddable":true,"href":"https:\/\/iissomanagement.com\/blog\/wp-json\/wp\/v2\/media\/993"}],"wp:attachment":[{"href":"https:\/\/iissomanagement.com\/blog\/wp-json\/wp\/v2\/media?parent=989"}],"wp:term":[{"taxonomy":"category","embeddable":true,"href":"https:\/\/iissomanagement.com\/blog\/wp-json\/wp\/v2\/categories?post=989"},{"taxonomy":"post_tag","embeddable":true,"href":"https:\/\/iissomanagement.com\/blog\/wp-json\/wp\/v2\/tags?post=989"}],"curies":[{"name":"wp","href":"https:\/\/api.w.org\/{rel}","templated":true}]}}