{"id":996,"date":"2025-10-21T00:40:03","date_gmt":"2025-10-21T05:40:03","guid":{"rendered":"https:\/\/iissomanagement.com\/?p=996"},"modified":"2025-10-21T00:43:43","modified_gmt":"2025-10-21T05:43:43","slug":"cancer-de-mama","status":"publish","type":"post","link":"https:\/\/iissomanagement.com\/blog\/capacitaciones-y-brigadas\/cancer-de-mama\/","title":{"rendered":"\ud83c\udf80 C\u00e1ncer de Mama: 5 Acciones Simples que Marcan la Diferencia en la Prevenci\u00f3n del C\u00e1ncer de Mama en el Entorno Laboral"},"content":{"rendered":"\n<p class=\"wp-block-paragraph\">La <em>prevenci\u00f3n del c\u00e1ncer de mama en el entorno laboral<\/em> no requiere grandes presupuestos ni campa\u00f1as complejas. A veces, <strong>los gestos m\u00e1s sencillos son los que generan mayor impacto<\/strong>. En el marco de Octubre Rosa, es momento de recordar que <strong>la salud de nuestros colaboradores es una prioridad<\/strong>, y que el lugar de trabajo puede convertirse en un espacio de concienciaci\u00f3n, apoyo y acci\u00f3n.<\/p>\n\n\n\n<p class=\"wp-block-paragraph\">Este art\u00edculo nace del mensaje enviado por el equipo de Atenci\u00f3n al Cliente de <a href=\"https:\/\/iissomanagement.com\/empresa\/\" target=\"_blank\" data-type=\"page\" data-id=\"11\" rel=\"noreferrer noopener\">IISSO MANAGEMENT<\/a>, que nos recuerda que <strong>prevenir juntos es cuidarnos mejor<\/strong>. Aqu\u00ed te compartimos cinco acciones pr\u00e1cticas, accesibles y poderosas que puedes implementar desde tu empresa para sumarte al movimiento de Octubre Rosa.<\/p>\n\n\n\n<h2 class=\"wp-block-heading\">\ud83c\udfaf \u00bfPor qu\u00e9 es vital la prevenci\u00f3n del c\u00e1ncer de mama en el entorno laboral?<\/h2>\n\n\n\n<p class=\"wp-block-paragraph\">El c\u00e1ncer de mama es una enfermedad que afecta a millones de mujeres en el mundo, y aunque los hombres tambi\u00e9n pueden padecerla, el impacto en la poblaci\u00f3n femenina es significativamente mayor. En Panam\u00e1, cientos de casos se detectan cada a\u00f1o, y <strong>la detecci\u00f3n temprana sigue siendo la herramienta m\u00e1s efectiva para salvar vidas<\/strong>.<\/p>\n\n\n\n<p class=\"wp-block-paragraph\">El entorno laboral, donde las personas pasan gran parte de su tiempo, se convierte en un espacio ideal para fomentar la prevenci\u00f3n. Cuando las empresas se involucran, <strong>la informaci\u00f3n llega m\u00e1s lejos, el mensaje se multiplica y la acci\u00f3n se vuelve colectiva<\/strong>.<\/p>\n\n\n\n<h2 class=\"wp-block-heading\">\ud83d\udca1 5 acciones simples que marcan la diferencia:<\/h2>\n\n\n\n<h3 class=\"wp-block-heading\">1\ufe0f\u20e3 Fomentar el autoexamen mensual<\/h3>\n\n\n\n<p class=\"wp-block-paragraph\">El autoexamen es una pr\u00e1ctica que puede realizarse en casa, sin costo, y que permite detectar cambios en el tejido mamario. Sin embargo, muchas personas no saben c\u00f3mo hacerlo correctamente o no lo tienen como h\u00e1bito.<\/p>\n\n\n\n<p class=\"wp-block-paragraph\"><strong>Consejos pr\u00e1cticos:<\/strong><\/p>\n\n\n\n<ul class=\"wp-block-list\">\n<li>Coloca afiches en los ba\u00f1os con instrucciones visuales.<\/li>\n\n\n\n<li>Comparte videos educativos por correo interno.<\/li>\n\n\n\n<li>Incluye recordatorios mensuales en el calendario corporativo.<\/li>\n\n\n\n<li>Organiza microcapacitaciones con personal m\u00e9dico.<\/li>\n<\/ul>\n\n\n\n<h3 class=\"wp-block-heading\">2\ufe0f\u20e3 Compartir informaci\u00f3n clara y accesible<\/h3>\n\n\n\n<p class=\"wp-block-paragraph\">La informaci\u00f3n salva vidas. Un colaborador informado es un colaborador empoderado. Utiliza tus canales internos para difundir contenido educativo:<\/p>\n\n\n\n<ul class=\"wp-block-list\">\n<li>Infograf\u00edas en pantallas digitales.<\/li>\n\n\n\n<li>Boletines semanales con datos clave.<\/li>\n\n\n\n<li>Historias reales que inspiren.<\/li>\n\n\n\n<li>Tips de salud en reuniones o capacitaciones.<\/li>\n<\/ul>\n\n\n\n<p class=\"wp-block-paragraph\">\ud83d\udcca <em>Dato clave:<\/em> El 70% de los casos de c\u00e1ncer de mama en Panam\u00e1 se detectan en etapas avanzadas. La educaci\u00f3n puede cambiar esta estad\u00edstica.<\/p>\n\n\n\n<h3 class=\"wp-block-heading\">3\ufe0f\u20e3 Facilitar el acceso a controles m\u00e9dicos<\/h3>\n\n\n\n<p class=\"wp-block-paragraph\">Organizar ferias de salud, jornadas m\u00e9dicas o alianzas con cl\u00ednicas locales permite que los colaboradores se realicen chequeos sin complicaciones. IISSO MANAGEMENT ha apoyado a empresas en la log\u00edstica de estas actividades, logrando una alta participaci\u00f3n.<\/p>\n\n\n\n<p class=\"wp-block-paragraph\">\ud83d\udccd <em>Ejemplo real:<\/em><br>En una feria de salud organizada por <a href=\"https:\/\/iissomanagement.com\/empresa\/\" target=\"_blank\" data-type=\"page\" data-id=\"11\" rel=\"noreferrer noopener\">IISSO MANAGEMENT<\/a>, m\u00e1s de 300 personas participaron en evaluaciones m\u00e9dicas, charlas y actividades de prevenci\u00f3n. Tres casos fueron detectados en etapa temprana, lo que permiti\u00f3 iniciar tratamiento inmediato.<\/p>\n\n\n\n<h3 class=\"wp-block-heading\">4\ufe0f\u20e3 Crear espacios de conversaci\u00f3n y apoyo<\/h3>\n\n\n\n<p class=\"wp-block-paragraph\">La prevenci\u00f3n tambi\u00e9n implica <strong>romper el silencio<\/strong>. Muchas personas enfrentan el c\u00e1ncer de mama en soledad por miedo, desconocimiento o estigma. Crear espacios donde se pueda hablar del tema con respeto y empat\u00eda es fundamental.<\/p>\n\n\n\n<p class=\"wp-block-paragraph\">\ud83d\udcac <em>Ideas para implementar:<\/em><\/p>\n\n\n\n<ul class=\"wp-block-list\">\n<li>C\u00edrculos de conversaci\u00f3n.<\/li>\n\n\n\n<li>Testimonios de colaboradores.<\/li>\n\n\n\n<li>Charlas con sobrevivientes.<\/li>\n\n\n\n<li>Actividades de reflexi\u00f3n y homenaje.<\/li>\n<\/ul>\n\n\n\n<h3 class=\"wp-block-heading\">5\ufe0f\u20e3 Involucrar a todos, no solo a las mujeres<\/h3>\n\n\n\n<p class=\"wp-block-paragraph\">Aunque el c\u00e1ncer de mama afecta principalmente a mujeres, los hombres tambi\u00e9n pueden padecerlo. Adem\u00e1s, todos pueden ser agentes de prevenci\u00f3n: compa\u00f1eros, l\u00edderes, familiares.<\/p>\n\n\n\n<p class=\"wp-block-paragraph\">\ud83c\udf97\ufe0f <em>Acci\u00f3n inclusiva:<\/em><br>Invita a todo el personal a participar en las actividades. Promueve el uso del lazo rosa, organiza d\u00edas tem\u00e1ticos y reconoce el compromiso de quienes se suman a la causa.<\/p>\n\n\n\n<h2 class=\"wp-block-heading\">\ud83c\udfc6 Historias que inspiran<\/h2>\n\n\n\n<p class=\"wp-block-paragraph\">En nuestras charlas y ferias de salud hemos visto c\u00f3mo <strong>peque\u00f1as iniciativas generan conciencia y esperanza<\/strong>. En empresas paname\u00f1as, colaboradores han compartido sus experiencias, han aprendido a realizar el autoexamen y han motivado a sus familias a acudir a controles m\u00e9dicos.<\/p>\n\n\n\n<p class=\"wp-block-paragraph\">Una colaboradora del sector educativo coment\u00f3:<\/p>\n\n\n\n<blockquote class=\"wp-block-quote is-layout-flow wp-block-quote-is-layout-flow\">\n<p class=\"wp-block-paragraph\">\u201cGracias a la charla que recibimos en la empresa, me anim\u00e9 a hacerme un chequeo. Detectaron algo a tiempo y hoy estoy en tratamiento. Estoy agradecida por el apoyo que recib\u00ed.\u201d<\/p>\n<\/blockquote>\n\n\n\n<h2 class=\"wp-block-heading\">\ud83e\udd1d \u00bfC\u00f3mo puede ayudarte IISSO MANAGEMENT?<\/h2>\n\n\n\n<p class=\"wp-block-paragraph\">En <a href=\"https:\/\/iissomanagement.com\/empresa\/\" target=\"_blank\" data-type=\"page\" data-id=\"11\" rel=\"noreferrer noopener\">IISSO MANAGEMENT<\/a> te acompa\u00f1amos en cada paso:<\/p>\n\n\n\n<ul class=\"wp-block-list\">\n<li>\ud83d\udccb Dise\u00f1o de campa\u00f1as internas.<\/li>\n\n\n\n<li>\ud83d\udc69\u200d\u2695\ufe0f Coordinaci\u00f3n de ferias de salud.<\/li>\n\n\n\n<li>\ud83c\udfa8 Creaci\u00f3n de materiales visuales y educativos.<\/li>\n\n\n\n<li>\ud83d\udcca Evaluaci\u00f3n de impacto y participaci\u00f3n.<\/li>\n\n\n\n<li>\ud83d\udcac Asesor\u00eda en comunicaci\u00f3n preventiva.<\/li>\n<\/ul>\n\n\n\n<p class=\"wp-block-paragraph\">Este Octubre Rosa, <strong>haz que tu empresa sea parte del cambio<\/strong>.<br>No se trata solo de cumplir con la normativa, sino de <strong>cuidar a quienes hacen posible tu operaci\u00f3n<\/strong>.<\/p>\n\n\n\n<p class=\"wp-block-paragraph\">\ud83d\udcac <strong><a href=\"https:\/\/iissomanagement.com\/contactanos\/\" target=\"_blank\" data-type=\"page\" data-id=\"19\" rel=\"noreferrer noopener\">Cont\u00e1ctanos hoy<\/a><\/strong> y dise\u00f1emos juntos una campa\u00f1a de prevenci\u00f3n que inspire, eduque y proteja.<\/p>\n\n\n\n<p class=\"wp-block-paragraph\"><strong><a href=\"https:\/\/iissomanagement.com\/empresa\/\" target=\"_blank\" data-type=\"page\" data-id=\"11\" rel=\"noreferrer noopener\">IISSO MANAGEMENT<\/a><\/strong> \ud835\ude1b\ud835\ude36 \ud835\ude22\ud835\ude2d\ud835\ude2a\ud835\ude22\ud835\ude25\ud835\ude30 \ud835\udc5d\ud835\ude22\ud835\ude33\ud835\ude22 \ud835\ude36\ud835\ude2f\ud835\ude22 \ud835\ude28\ud835\ude26\ud835\ude34\ud835\ude35\ud835\ude2a\ud835\ude30\u0301\ud835\ude2f \ud835\ude26\ud835\ude27\ud835\ude26\ud835\ude24\ud835\ude35\ud835\ude2a\ud835\ude37\ud835\ude22 \ud835\ude3a \ud835\ude34\ud835\ude30\ud835\ude34\ud835\ude35\ud835\ude26\ud835\ude2f\ud835\ude2a\ud835\ude23\ud835\ude2d\ud835\ude26.<\/p>\n","protected":false},"excerpt":{"rendered":"<p>Descubre c\u00f3mo tu empresa puede impulsar la prevenci\u00f3n del c\u00e1ncer de mama en el entorno laboral con acciones simples que salvan vidas. \u00a1Act\u00faa hoy!<\/p>\n","protected":false},"author":2,"featured_media":998,"comment_status":"closed","ping_status":"closed","sticky":false,"template":"","format":"standard","meta":{"footnotes":""},"categories":[10,57,73,5,88,9,8,40,14,6,26,52,50],"tags":[31,34,64,22,16,29,41,28,27],"class_list":["post-996","post","type-post","status-publish","format-standard","has-post-thumbnail","hentry","category-capacitaciones-y-brigadas","category-auditorias-en-seguridad-laboral","category-gestion-de-calidad-iso-9001","category-gestion-integral-hseq","category-inspecciones-con-drones","category-normativas-y-regulaciones","category-outsourcing-rrhh","category-salud-ocupacional","category-seguridad-alimentaria","category-seguridad-ocupacional","category-seguridad-y-salud-ocupacional","category-sostenibilidad","category-tecnologia-e-innovacion-hseq","tag-creacion-de-plan-de-respuestas-a-emergencias","tag-cumplimiento-normativo","tag-gestion-ambiental","tag-gestion-integral","tag-prevencion","tag-prevencion-de-riesgos-laborales","tag-salud-ocupacional","tag-seguridad-industrial","tag-seguridad-ocupacional"],"_links":{"self":[{"href":"https:\/\/iissomanagement.com\/blog\/wp-json\/wp\/v2\/posts\/996","targetHints":{"allow":["GET"]}}],"collection":[{"href":"https:\/\/iissomanagement.com\/blog\/wp-json\/wp\/v2\/posts"}],"about":[{"href":"https:\/\/iissomanagement.com\/blog\/wp-json\/wp\/v2\/types\/post"}],"author":[{"embeddable":true,"href":"https:\/\/iissomanagement.com\/blog\/wp-json\/wp\/v2\/users\/2"}],"replies":[{"embeddable":true,"href":"https:\/\/iissomanagement.com\/blog\/wp-json\/wp\/v2\/comments?post=996"}],"version-history":[{"count":3,"href":"https:\/\/iissomanagement.com\/blog\/wp-json\/wp\/v2\/posts\/996\/revisions"}],"predecessor-version":[{"id":1001,"href":"https:\/\/iissomanagement.com\/blog\/wp-json\/wp\/v2\/posts\/996\/revisions\/1001"}],"wp:featuredmedia":[{"embeddable":true,"href":"https:\/\/iissomanagement.com\/blog\/wp-json\/wp\/v2\/media\/998"}],"wp:attachment":[{"href":"https:\/\/iissomanagement.com\/blog\/wp-json\/wp\/v2\/media?parent=996"}],"wp:term":[{"taxonomy":"category","embeddable":true,"href":"https:\/\/iissomanagement.com\/blog\/wp-json\/wp\/v2\/categories?post=996"},{"taxonomy":"post_tag","embeddable":true,"href":"https:\/\/iissomanagement.com\/blog\/wp-json\/wp\/v2\/tags?post=996"}],"curies":[{"name":"wp","href":"https:\/\/api.w.org\/{rel}","templated":true}]}}